{"id":46175,"date":"2023-06-30T10:00:19","date_gmt":"2023-06-30T13:00:19","guid":{"rendered":"http:\/\/www.sincomam.org.br\/?p=46175"},"modified":"2023-06-30T10:00:19","modified_gmt":"2023-06-30T13:00:19","slug":"capitania-dos-portos-do-espirito-santo-abre-portas-para-inclusao-social","status":"publish","type":"post","link":"https:\/\/www.sincomam.org.br\/index.php\/capitania-dos-portos-do-espirito-santo-abre-portas-para-inclusao-social\/","title":{"rendered":"Capitania dos Portos do Esp\u00edrito Santo abre portas para Inclus\u00e3o Social"},"content":{"rendered":"<p>Entre os dias 20 e 22 de junho, a\u00a0Capitania dos Portos do Esp\u00edrito Santo (CPES)\u00a0abriu suas portas para acolher um grupo diverso, que inclu\u00eda mais de 40 crian\u00e7as, adolescentes, adultos e pais de pessoas autistas ou com outras necessidades especiais. Esta a\u00e7\u00e3o, realizada em duas etapas, refor\u00e7a a miss\u00e3o da Marinha do Brasil de inclus\u00e3o social e proximidade com a sociedade. Ao possibilitar essas visitas, a Marinha promove a inclus\u00e3o social e refor\u00e7a a confian\u00e7a da popula\u00e7\u00e3o na Institui\u00e7\u00e3o.<\/p>\n<p><strong>Fortalecendo La\u00e7os com a Comunidade<\/strong><\/p>\n<p>No primeiro dia da a\u00e7\u00e3o, a CPES recebeu crian\u00e7as ligadas \u00e0\u00a0Associa\u00e7\u00e3o dos Amigos dos Autistas do Esp\u00edrito Santo. Em um segundo momento, no dia 22, foi a vez dos adolescentes e adultos da Associa\u00e7\u00e3o de Pais e Amigos dos Excepcionais (APAE) de Santa Maria de Jetib\u00e1 (ES) terem a oportunidade de conhecer as instala\u00e7\u00f5es da Capitania. Tais visitas fazem parte de um esfor\u00e7o mais amplo da Marinha em estreitar os la\u00e7os com a comunidade, criando oportunidades de intera\u00e7\u00e3o e compartilhamento de experi\u00eancias.<\/p>\n<p>Durante as visitas, os convidados tiveram a oportunidade de conhecer as instala\u00e7\u00f5es e embarca\u00e7\u00f5es da CPES. Al\u00e9m de aprender mais sobre o trabalho da Marinha, eles tamb\u00e9m realizaram atividades f\u00edsicas l\u00fadicas e assistiram a v\u00eddeos sobre o Dia da Marinha, Amaz\u00f4nia Azul e a pr\u00f3pria Capitania. A mistura de divers\u00e3o e aprendizado fez da visita uma experi\u00eancia enriquecedora para todos os participantes.<\/p>\n<p><strong>Aproximando a Marinha da Sociedade Capixaba<\/strong><\/p>\n<p>As a\u00e7\u00f5es da CPES n\u00e3o s\u00f3 possibilitaram uma maior aproxima\u00e7\u00e3o da Marinha do Brasil com a sociedade capixaba, mas tamb\u00e9m ajudaram a divulgar o trabalho da For\u00e7a no atendimento das necessidades dos brasileiros. Ao abrir suas portas para o p\u00fablico, a Marinha evidencia seu compromisso com a inclus\u00e3o e a transpar\u00eancia, elevando o nome da Institui\u00e7\u00e3o e fortalecendo a confian\u00e7a da sociedade na realiza\u00e7\u00e3o de seus anseios.<\/p>\n<div>Fonte: Defesa em Foco<\/div>\n","protected":false},"excerpt":{"rendered":"<p>Entre os dias 20 e 22 de junho, a\u00a0Capitania dos Portos do Esp\u00edrito Santo (CPES)\u00a0abriu suas portas para acolher um grupo diverso, que inclu\u00eda mais&#8230;<\/p>\n","protected":false},"author":1527,"featured_media":46176,"comment_status":"closed","ping_status":"closed","sticky":false,"template":"","format":"standard","meta":{"footnotes":""},"categories":[6],"tags":[],"class_list":["post-46175","post","type-post","status-publish","format-standard","has-post-thumbnail","hentry","category-noticias"],"_links":{"self":[{"href":"https:\/\/www.sincomam.org.br\/index.php\/wp-json\/wp\/v2\/posts\/46175","targetHints":{"allow":["GET"]}}],"collection":[{"href":"https:\/\/www.sincomam.org.br\/index.php\/wp-json\/wp\/v2\/posts"}],"about":[{"href":"https:\/\/www.sincomam.org.br\/index.php\/wp-json\/wp\/v2\/types\/post"}],"author":[{"embeddable":true,"href":"https:\/\/www.sincomam.org.br\/index.php\/wp-json\/wp\/v2\/users\/1527"}],"replies":[{"embeddable":true,"href":"https:\/\/www.sincomam.org.br\/index.php\/wp-json\/wp\/v2\/comments?post=46175"}],"version-history":[{"count":1,"href":"https:\/\/www.sincomam.org.br\/index.php\/wp-json\/wp\/v2\/posts\/46175\/revisions"}],"predecessor-version":[{"id":46177,"href":"https:\/\/www.sincomam.org.br\/index.php\/wp-json\/wp\/v2\/posts\/46175\/revisions\/46177"}],"wp:featuredmedia":[{"embeddable":true,"href":"https:\/\/www.sincomam.org.br\/index.php\/wp-json\/wp\/v2\/media\/46176"}],"wp:attachment":[{"href":"https:\/\/www.sincomam.org.br\/index.php\/wp-json\/wp\/v2\/media?parent=46175"}],"wp:term":[{"taxonomy":"category","embeddable":true,"href":"https:\/\/www.sincomam.org.br\/index.php\/wp-json\/wp\/v2\/categories?post=46175"},{"taxonomy":"post_tag","embeddable":true,"href":"https:\/\/www.sincomam.org.br\/index.php\/wp-json\/wp\/v2\/tags?post=46175"}],"curies":[{"name":"wp","href":"https:\/\/api.w.org\/{rel}","templated":true}]}}