{"id":46169,"date":"2023-06-30T09:10:33","date_gmt":"2023-06-30T12:10:33","guid":{"rendered":"http:\/\/www.sincomam.org.br\/?p=46169"},"modified":"2023-06-30T09:10:33","modified_gmt":"2023-06-30T12:10:33","slug":"reajustes-do-minimo-e-de-servidores-influenciaram-consumo-das-familias","status":"publish","type":"post","link":"https:\/\/www.sincomam.org.br\/index.php\/reajustes-do-minimo-e-de-servidores-influenciaram-consumo-das-familias\/","title":{"rendered":"Reajustes do m\u00ednimo e de servidores influenciaram consumo das fam\u00edlias"},"content":{"rendered":"<p>De janeiro a maio, o consumo das fam\u00edlias aumentou 2,33%, conforme divulgou nesta quinta-feira (29) a Associa\u00e7\u00e3o Brasileira de Supermercados (Abras). Entre os fatores que puxaram a alta est\u00e3o o reajuste do sal\u00e1rio m\u00ednimo e do servidores federais e o resgate de valores do PIS\/Pasep.<img decoding=\"async\" src=\"https:\/\/agenciabrasil.ebc.com.br\/ebc.png?id=1541090&amp;o=node\" \/><img decoding=\"async\" src=\"https:\/\/agenciabrasil.ebc.com.br\/ebc.gif?id=1541090&amp;o=node\" \/><\/p>\n<p>Em abril, o crescimento acumulado chegou a 2,14%, superando os registrados em fevereiro e mar\u00e7o, de 1,98% e 1,44%, respectivamente.<\/p>\n<p>Ao comentar o consumo das fam\u00edlias, o vice-presidente da Abras, Marcio Milan, avaliou que &#8220;as fam\u00edlias t\u00eam podido organizar melhor&#8221; as finan\u00e7as nos \u00faltimos meses. Ele tamb\u00e9m atribuiu os resultados \u00e0 amplia\u00e7\u00e3o da\u00a0<a href=\"https:\/\/agenciabrasil.ebc.com.br\/economia\/noticia\/2023-05\/mp-eleva-isencao-de-ir-para-r-2640-e-taxa-rendimentos-no-exterior\" target=\"_blank\" rel=\"noopener\">isen\u00e7\u00e3o do Imposto de Renda de Pessoa F\u00edsica (IRPF) LINK 1 , em vigor desde maio<\/a>.<\/p>\n<p>Em m\u00e9dia, o valor da cesta b\u00e1sica apresentou leve queda, de abril para maio, passando de R$ 751,29 para R$ 750,22. O valor da cesta b\u00e1sica de 12 produtos (a\u00e7\u00facar, arroz, caf\u00e9 mo\u00eddo, carne, farinha de mandioca, farinha de trigo, feij\u00e3o, leite longa vida, margarina, massa\/macarr\u00e3o, \u00f3leo de soja e queijo) fechou em R$ 322 em maio, 0,14% a menos do que em abril.<\/p>\n<p>No grupo de produtos que tiveram queda de pre\u00e7o, est\u00e3o o \u00f3leo de soja (7,11%), carne bovina &#8211; corte dianteiro (0,93%), frango congelado (1,80%) e batata (1,90%). J\u00e1 entre os que ficaram mais caros nas prateleiras est\u00e3o tomate (6,65%), leite longa vida (2,37%) e shampoo (1,28%).<\/p>\n<p>Segundo a Abras, al\u00e9m da competitividade, que faz girar o mercado, muitas marcas t\u00eam surgido nas g\u00f4ndolas. Esse fen\u00f4meno, segundo Milan, tamb\u00e9m tem rela\u00e7\u00e3o com a multiplica\u00e7\u00e3o de marcas exclusivas dos mercados, que acabam sendo, muitas vezes, uma op\u00e7\u00e3o mais em conta para os clientes. Para se citar um exemplo, em maio de 2022 havia 71 marcas de feij\u00e3o nas redes de supermercados, quantidade que cresceu, no m\u00eas passado, para 73.<\/p>\n<p>&#8220;No ano passado, com renda reduzida, o consumidor passou a substituir marcas&#8221;, observou o representante da Abras.<\/p>\n<p>A perspectiva da associa\u00e7\u00e3o, quanto ao cen\u00e1rio que se tem pela frente, \u00e9 positiva. S\u00e3o levados em conta outros incrementos de renda, como os oriundos de programas de transfer\u00eancia de renda e o pagamento do Benef\u00edcio Vari\u00e1vel Familiar e do Aux\u00edlio G\u00e1s.<\/p>\n<p>Fonte: Ag\u00eancia Brasil<\/p>\n","protected":false},"excerpt":{"rendered":"<p>De janeiro a maio, o consumo das fam\u00edlias aumentou 2,33%, conforme divulgou nesta quinta-feira (29) a Associa\u00e7\u00e3o Brasileira de Supermercados (Abras). Entre os fatores que&#8230;<\/p>\n","protected":false},"author":1527,"featured_media":46170,"comment_status":"closed","ping_status":"closed","sticky":false,"template":"","format":"standard","meta":{"footnotes":""},"categories":[6],"tags":[],"class_list":["post-46169","post","type-post","status-publish","format-standard","has-post-thumbnail","hentry","category-noticias"],"_links":{"self":[{"href":"https:\/\/www.sincomam.org.br\/index.php\/wp-json\/wp\/v2\/posts\/46169","targetHints":{"allow":["GET"]}}],"collection":[{"href":"https:\/\/www.sincomam.org.br\/index.php\/wp-json\/wp\/v2\/posts"}],"about":[{"href":"https:\/\/www.sincomam.org.br\/index.php\/wp-json\/wp\/v2\/types\/post"}],"author":[{"embeddable":true,"href":"https:\/\/www.sincomam.org.br\/index.php\/wp-json\/wp\/v2\/users\/1527"}],"replies":[{"embeddable":true,"href":"https:\/\/www.sincomam.org.br\/index.php\/wp-json\/wp\/v2\/comments?post=46169"}],"version-history":[{"count":1,"href":"https:\/\/www.sincomam.org.br\/index.php\/wp-json\/wp\/v2\/posts\/46169\/revisions"}],"predecessor-version":[{"id":46171,"href":"https:\/\/www.sincomam.org.br\/index.php\/wp-json\/wp\/v2\/posts\/46169\/revisions\/46171"}],"wp:featuredmedia":[{"embeddable":true,"href":"https:\/\/www.sincomam.org.br\/index.php\/wp-json\/wp\/v2\/media\/46170"}],"wp:attachment":[{"href":"https:\/\/www.sincomam.org.br\/index.php\/wp-json\/wp\/v2\/media?parent=46169"}],"wp:term":[{"taxonomy":"category","embeddable":true,"href":"https:\/\/www.sincomam.org.br\/index.php\/wp-json\/wp\/v2\/categories?post=46169"},{"taxonomy":"post_tag","embeddable":true,"href":"https:\/\/www.sincomam.org.br\/index.php\/wp-json\/wp\/v2\/tags?post=46169"}],"curies":[{"name":"wp","href":"https:\/\/api.w.org\/{rel}","templated":true}]}}