{"id":46150,"date":"2023-06-29T08:52:55","date_gmt":"2023-06-29T11:52:55","guid":{"rendered":"http:\/\/www.sincomam.org.br\/?p=46150"},"modified":"2023-06-29T08:53:22","modified_gmt":"2023-06-29T11:53:22","slug":"conheca-as-regras-para-participar-do-desenrola-brasil","status":"publish","type":"post","link":"https:\/\/www.sincomam.org.br\/index.php\/conheca-as-regras-para-participar-do-desenrola-brasil\/","title":{"rendered":"Conhe\u00e7a as regras para participar do Desenrola Brasil"},"content":{"rendered":"<p>O Minist\u00e9rio da Fazenda publicou, nesta quarta-feira (28), os requisitos, condi\u00e7\u00f5es e procedimentos para ades\u00e3o ao Programa Emergencial de Renegocia\u00e7\u00e3o de D\u00edvidas de Pessoas F\u00edsicas Inadimplentes (Desenrola Brasil). As regras foram detalhadas em\u00a0<a href=\"https:\/\/www.in.gov.br\/web\/dou\/-\/portaria-normativa-mf-n-634-de-27-de-junho-de-2023-492539907\" target=\"_blank\" rel=\"noopener\">portaria<\/a>\u00a0publicada no\u00a0Di\u00e1rio Oficial da Uni\u00e3o.\u00a0<img decoding=\"async\" src=\"https:\/\/agenciabrasil.ebc.com.br\/ebc.png?id=1540799&amp;o=node\" \/><img decoding=\"async\" src=\"https:\/\/agenciabrasil.ebc.com.br\/ebc.gif?id=1540799&amp;o=node\" \/><\/p>\n<h2>Faixa 1<\/h2>\n<p>A portaria estabelece duas faixas para ades\u00e3o ao programa. A\u00a0faixa 1 \u00e9\u00a0para quem tem renda mensal de at\u00e9 dois sal\u00e1rios m\u00ednimos, o que atualmente soma\u00a0R$ 2.640, e ainda\u00a0para\u00a0devedores inscritos no Cadastro \u00danico para Programas Sociais do Governo Federal (Cad\u00danico). Para este grupo, a d\u00edvida n\u00e3o pode ultrapassar R$ 5 mil.<\/p>\n<p>Tamb\u00e9m \u00e9 necess\u00e1rio ter sido\u00a0inclu\u00eddo no cadastro de inadimplentes no per\u00edodo entre 1\u00ba de janeiro de 2019 a 31 de dezembro de 2022. Podem ser renegociadas todos os tipos de d\u00edvidas, incluindo as de consumo,\u00a0como \u00e1gua, luz, telefone, varejo e banc\u00e1rias e tamb\u00e9m as de empr\u00e9stimo consignado.<\/p>\n<p>N\u00e3o podem ser renegociadas pelo programa as d\u00edvidas com garantia real ou\u00a0as\u00a0que sejam relativas a cr\u00e9dito rural, financiamento de im\u00f3vel ou de opera\u00e7\u00f5es como\u00a0funding <em>(<\/em>capta\u00e7\u00e3o de investimentos para empresas).<\/p>\n<p>As pessoas da faixa 1 s\u00f3 poder\u00e3o aderir ao Desenrola Brasil pela plataforma digital\u00a0<a href=\"https:\/\/www.gov.br\/servidor\/pt-br\/assuntos\/sou-gov\" target=\"_blank\" rel=\"noopener\">gov.br,<\/a>\u00a0com certificados prata\u00a0ou ouro, onde poder\u00e3o escolher o agente financeiro, as d\u00edvidas para renegocia\u00e7\u00e3o e a forma de parcelamento.<\/p>\n<h2>Faixa 2<\/h2>\n<p>A faixa 2 atende aos devedores com renda mensal de at\u00e9 R$ 20 mil, que poder\u00e3o aderir ao programa tanto pela plataforma\u00a0<a href=\"https:\/\/www.gov.br\/servidor\/pt-br\/assuntos\/sou-gov\" target=\"_blank\" rel=\"noopener\">gov.br<\/a>, quanto por canais indicados pelos agentes financeiros. Eles poder\u00e3o quitar as d\u00edvidas de forma parcelada, a partir de 12 presta\u00e7\u00f5es. Tamb\u00e9m \u00e9 necess\u00e1rio ter sido inclu\u00eddo no cadastro de inadimplentes at\u00e9 31 de dezembro de 2022.<\/p>\n<p>Para esse grupo, n\u00e3o podem ser renegociadas d\u00edvidas\u00a0do programa d\u00edvidas de cr\u00e9dito rural; d\u00edvidas que possuam garantia, equaliza\u00e7\u00e3o de juros pela Uni\u00e3o, entidade p\u00fablica\u00a0ou aporte de recursos p\u00fablicos; e d\u00edvidas que n\u00e3o tenham risco de cr\u00e9dito assumido.<\/p>\n<h2>Credor<\/h2>\n<p>Os agentes financeiros e credores que quiserem participar precisam se cadastrar na plataforma do programa e no Fundo de Garantia de Opera\u00e7\u00f5es. Tamb\u00e9m podem utilizar uma solu\u00e7\u00e3o tecnol\u00f3gica para troca de informa\u00e7\u00f5es com a plataforma do programa, por arquivos espec\u00edficos.<\/p>\n<p>As informa\u00e7\u00f5es a serem fornecidas s\u00e3o relativas aos registros ativos de inadimplentes no perfil do Desenrola Brasil, como n\u00famero de contrato, data da negativa\u00e7\u00e3o e da inser\u00e7\u00e3o no cadastro de inadimpl\u00eancia, al\u00e9m os tr\u00eas d\u00edgitos iniciais do n\u00famero do CPF do devedor.<\/p>\n<p>Todas as opera\u00e7\u00f5es do programa s\u00e3o isentas de IOF e funcionar\u00e3o por meio de leil\u00e3o entre os credores que far\u00e3o ofertas de descontos sobre os cr\u00e9ditos inclu\u00eddos nos lotes.<\/p>\n<h2>Cadastro de devedores<\/h2>\n<p>Os devedores que queiram aderir ao Desenrola Brasil devem acessar\u00a0<a href=\"https:\/\/www.gov.br\/pt-br\" target=\"_blank\" rel=\"noopener\">www.gov.br<\/a>, clicar em &#8220;entrar com o gov.br&#8221;, preencher o n\u00famero do CPF para criar ou alterar a conta.<\/p>\n<p>Para aumentar o n\u00edvel da conta de bronze para prata ou ouro, basta seguir as orienta\u00e7\u00f5es do aplicativo\u00a0ou pela internet na op\u00e7\u00e3o &#8220;aumentar o seu n\u00edvel&#8221; e, em seguida, &#8220;selos de confiabilidade&#8221;.<\/p>\n<p>Outra forma de aumentar o n\u00edvel \u00e9 realizar o<em>\u00a0login<\/em>\u00a0com a conta do banco. O devedor dever\u00e1 ter o n\u00famero de telefone cadastrado no banco para recebimento de SMS e confirma\u00e7\u00e3o do acesso.<\/p>\n<p>Fonte: Ag\u00eancia Brasil<\/p>\n","protected":false},"excerpt":{"rendered":"<p>O Minist\u00e9rio da Fazenda publicou, nesta quarta-feira (28), os requisitos, condi\u00e7\u00f5es e procedimentos para ades\u00e3o ao Programa Emergencial de Renegocia\u00e7\u00e3o de D\u00edvidas de Pessoas F\u00edsicas&#8230;<\/p>\n","protected":false},"author":1527,"featured_media":46151,"comment_status":"closed","ping_status":"closed","sticky":false,"template":"","format":"standard","meta":{"footnotes":""},"categories":[6],"tags":[],"class_list":["post-46150","post","type-post","status-publish","format-standard","has-post-thumbnail","hentry","category-noticias"],"_links":{"self":[{"href":"https:\/\/www.sincomam.org.br\/index.php\/wp-json\/wp\/v2\/posts\/46150","targetHints":{"allow":["GET"]}}],"collection":[{"href":"https:\/\/www.sincomam.org.br\/index.php\/wp-json\/wp\/v2\/posts"}],"about":[{"href":"https:\/\/www.sincomam.org.br\/index.php\/wp-json\/wp\/v2\/types\/post"}],"author":[{"embeddable":true,"href":"https:\/\/www.sincomam.org.br\/index.php\/wp-json\/wp\/v2\/users\/1527"}],"replies":[{"embeddable":true,"href":"https:\/\/www.sincomam.org.br\/index.php\/wp-json\/wp\/v2\/comments?post=46150"}],"version-history":[{"count":2,"href":"https:\/\/www.sincomam.org.br\/index.php\/wp-json\/wp\/v2\/posts\/46150\/revisions"}],"predecessor-version":[{"id":46153,"href":"https:\/\/www.sincomam.org.br\/index.php\/wp-json\/wp\/v2\/posts\/46150\/revisions\/46153"}],"wp:featuredmedia":[{"embeddable":true,"href":"https:\/\/www.sincomam.org.br\/index.php\/wp-json\/wp\/v2\/media\/46151"}],"wp:attachment":[{"href":"https:\/\/www.sincomam.org.br\/index.php\/wp-json\/wp\/v2\/media?parent=46150"}],"wp:term":[{"taxonomy":"category","embeddable":true,"href":"https:\/\/www.sincomam.org.br\/index.php\/wp-json\/wp\/v2\/categories?post=46150"},{"taxonomy":"post_tag","embeddable":true,"href":"https:\/\/www.sincomam.org.br\/index.php\/wp-json\/wp\/v2\/tags?post=46150"}],"curies":[{"name":"wp","href":"https:\/\/api.w.org\/{rel}","templated":true}]}}