{"id":46147,"date":"2023-06-29T08:51:35","date_gmt":"2023-06-29T11:51:35","guid":{"rendered":"http:\/\/www.sincomam.org.br\/?p=46147"},"modified":"2023-06-29T08:51:35","modified_gmt":"2023-06-29T11:51:35","slug":"nova-licenca-flexivel-pretende-desburocratizar-comercio-exterior","status":"publish","type":"post","link":"https:\/\/www.sincomam.org.br\/index.php\/nova-licenca-flexivel-pretende-desburocratizar-comercio-exterior\/","title":{"rendered":"Nova licen\u00e7a flex\u00edvel pretende desburocratizar com\u00e9rcio exterior"},"content":{"rendered":"<p>A partir desta quarta-feira (28), as empresas brasileiras ter\u00e3o mais facilidade para conseguir licen\u00e7as de exporta\u00e7\u00e3o e exporta\u00e7\u00e3o. O governo lan\u00e7ou a Licen\u00e7a Flex, que substituir\u00e1 centenas de documentos e permitir\u00e1 que uma autoriza\u00e7\u00e3o seja usada em diversas trocas comerciais internacionais.<img decoding=\"async\" src=\"https:\/\/agenciabrasil.ebc.com.br\/ebc.png?id=1540928&amp;o=node\" \/><img decoding=\"async\" src=\"https:\/\/agenciabrasil.ebc.com.br\/ebc.gif?id=1540928&amp;o=node\" \/><\/p>\n<p>Institu\u00edda por\u00a0<a href=\"https:\/\/www.in.gov.br\/en\/web\/dou\/-\/decreto-n-11.577-de-27-de-junho-de-2023-492531288\" target=\"_blank\" rel=\"noopener\">decreto<\/a>\u00a0publicado nesta quarta no<em>\u00a0Di\u00e1rio Oficial da Uni\u00e3o<\/em>, a Licen\u00e7a Flex pode ser obtida no\u00a0<a href=\"https:\/\/portalunico.siscomex.gov.br\/portal\/\" target=\"_blank\" rel=\"noopener\">Portal \u00danico do Com\u00e9rcio Exterior<\/a>.<\/p>\n<p>A principal diferen\u00e7a da Licen\u00e7a Flex est\u00e1 na emiss\u00e3o, que passa a ser baseada em prazos, quantidades ou valores das opera\u00e7\u00f5es. Dessa forma, uma licen\u00e7a poder\u00e1 ser aproveitada em mais de uma venda ou compra externa, reduzindo custo para a emiss\u00e3o de documentos e facilitando a rotina das empresas de com\u00e9rcio exterior.<\/p>\n<p>O Minist\u00e9rio do Desenvolvimento, Ind\u00fastria e Com\u00e9rcio Exterior (MDIC) forneceu exemplos de como a Licen\u00e7a Flex trar\u00e1 mais agilidade, principalmente de emiss\u00e3o de autoriza\u00e7\u00f5es de ag\u00eancias reguladoras ou de \u00f3rg\u00e3os de certifica\u00e7\u00e3o. No caso das exporta\u00e7\u00f5es, a Ag\u00eancia Nacional de Vigil\u00e2ncia Sanit\u00e1ria (Anvisa) para a venda de medicamentos de controle nacional passar\u00e1 a conceder autoriza\u00e7\u00f5es por tr\u00eas anos, eliminando a exig\u00eancia de an\u00e1lise de registros de medicamentos a cada embarque.<\/p>\n<h2>Redu\u00e7\u00e3o de custos<\/h2>\n<p>No caso das importa\u00e7\u00f5es, em que a emiss\u00e3o da maioria dos documentos \u00e9 paga, a Licen\u00e7a Flex trar\u00e1 redu\u00e7\u00e3o de custos. Uma empresa que importe c\u00e9lulas fotovoltaicas, ou rodas automotivas, poder\u00e1 economizar cerca de R$ 7,7 mil por ano ou R$ 30,6 mil em quatro anos, caso este seja o prazo de validade da Licen\u00e7a Flex concedida. At\u00e9 agora, para importar esses produtos para o Brasil tr\u00eas vezes por semana, a mesma empresa precisaria de 144 documentos por ano e 576 em quatro anos, ao custo de R$ 53,53 para cada um deles.<\/p>\n<p>A Licen\u00e7a Flex tamb\u00e9m trar\u00e1 agilidade, ao substituir alguns documentos que levam semanas. O Instituto Nacional de Metrologia, Qualidade e Tecnologia (Inmetro), \u00f3rg\u00e3o que autoriza as opera\u00e7\u00f5es no caso das c\u00e9lulas fotovoltaicas, leva em m\u00e9dia 15 dias para emitir cada documento. Para outros \u00f3rg\u00e3os governamentais, o prazo m\u00e9dio de expedi\u00e7\u00e3o pode superar 35 dias. Com a nova ferramenta, a empresas economizam tempo e recurso ao pedirem a licen\u00e7a uma \u00fanica vez.<\/p>\n<h2>Centraliza\u00e7\u00e3o<\/h2>\n<p>O decreto tamb\u00e9m centralizou o preenchimento de formul\u00e1rios e a entrega de documentos, dados ou informa\u00e7\u00f5es. Esses procedimentos passar\u00e3o a ocorrer somente por meio do Portal \u00danico de Com\u00e9rcio Exterior, dispensando a necessidade de o exportador ou o importador prestar esclarecimentos a v\u00e1rios \u00f3rg\u00e3os.<\/p>\n<p>A medida regulamenta dispositivo da\u00a0<a href=\"https:\/\/www.in.gov.br\/en\/web\/dou\/-\/lei-n-14.195-de-26-de-agosto-de-2021-341049135\" target=\"_blank\" rel=\"noopener\">Lei 14.195<\/a>, de 2021. Segundo o MDIC, a mudan\u00e7a ser\u00e1 implementada de forma gradual. A centraliza\u00e7\u00e3o no Portal \u00danico ocorrer\u00e1 at\u00e9 1\u00ba de setembro de 2023 para os exportadores e at\u00e9 1\u00ba de mar\u00e7o de 2024 para os importadores.<\/p>\n<p>Fonte: Ag\u00eancia Brasil<\/p>\n","protected":false},"excerpt":{"rendered":"<p>A partir desta quarta-feira (28), as empresas brasileiras ter\u00e3o mais facilidade para conseguir licen\u00e7as de exporta\u00e7\u00e3o e exporta\u00e7\u00e3o. O governo lan\u00e7ou a Licen\u00e7a Flex, que&#8230;<\/p>\n","protected":false},"author":1527,"featured_media":45872,"comment_status":"closed","ping_status":"closed","sticky":false,"template":"","format":"standard","meta":{"footnotes":""},"categories":[6],"tags":[],"class_list":["post-46147","post","type-post","status-publish","format-standard","has-post-thumbnail","hentry","category-noticias"],"_links":{"self":[{"href":"https:\/\/www.sincomam.org.br\/index.php\/wp-json\/wp\/v2\/posts\/46147","targetHints":{"allow":["GET"]}}],"collection":[{"href":"https:\/\/www.sincomam.org.br\/index.php\/wp-json\/wp\/v2\/posts"}],"about":[{"href":"https:\/\/www.sincomam.org.br\/index.php\/wp-json\/wp\/v2\/types\/post"}],"author":[{"embeddable":true,"href":"https:\/\/www.sincomam.org.br\/index.php\/wp-json\/wp\/v2\/users\/1527"}],"replies":[{"embeddable":true,"href":"https:\/\/www.sincomam.org.br\/index.php\/wp-json\/wp\/v2\/comments?post=46147"}],"version-history":[{"count":1,"href":"https:\/\/www.sincomam.org.br\/index.php\/wp-json\/wp\/v2\/posts\/46147\/revisions"}],"predecessor-version":[{"id":46149,"href":"https:\/\/www.sincomam.org.br\/index.php\/wp-json\/wp\/v2\/posts\/46147\/revisions\/46149"}],"wp:featuredmedia":[{"embeddable":true,"href":"https:\/\/www.sincomam.org.br\/index.php\/wp-json\/wp\/v2\/media\/45872"}],"wp:attachment":[{"href":"https:\/\/www.sincomam.org.br\/index.php\/wp-json\/wp\/v2\/media?parent=46147"}],"wp:term":[{"taxonomy":"category","embeddable":true,"href":"https:\/\/www.sincomam.org.br\/index.php\/wp-json\/wp\/v2\/categories?post=46147"},{"taxonomy":"post_tag","embeddable":true,"href":"https:\/\/www.sincomam.org.br\/index.php\/wp-json\/wp\/v2\/tags?post=46147"}],"curies":[{"name":"wp","href":"https:\/\/api.w.org\/{rel}","templated":true}]}}