{"id":4614,"date":"2014-03-31T09:09:02","date_gmt":"2014-03-31T12:09:02","guid":{"rendered":"http:\/\/www.sincomam.org.br\/?p=4614"},"modified":"2014-03-31T10:21:50","modified_gmt":"2014-03-31T13:21:50","slug":"buscas-por-aviao-desaparecido-no-para-seguem-sem-pistas","status":"publish","type":"post","link":"https:\/\/www.sincomam.org.br\/index.php\/buscas-por-aviao-desaparecido-no-para-seguem-sem-pistas\/","title":{"rendered":"Buscas por avi\u00e3o desaparecido no Par\u00e1 seguem sem pistas"},"content":{"rendered":"<p><b><i>Avi\u00e3o Amazonas e o helic\u00f3ptero Black Hawk da FAB continuam sobrevoando a regi\u00e3o de Jacareacanga, no Par\u00e1<\/i><\/b><\/p>\n<p>O avi\u00e3o Amazonas e o helic\u00f3ptero Black Hawk da For\u00e7a A\u00e9rea Brasileira (FAB) continuam sobrevoando a regi\u00e3o de Jacareacanga (PA), sem encontrar pistas do bimotor desaparecido no \u00faltimo dia 18. At\u00e9 s\u00e1bado (29), foram percorridos 13.395,9 quil\u00f4metros quadrados (km\u00b2) em 134 horas de voo.<\/p>\n<p>As equipes encerraram, domingo (30), o 12\u00ba dia de buscas. A mata densa da regi\u00e3o \u00e9 um dos principais desafios encontrados pela FAB.<\/p>\n<p>A aeronave de prefixo PR-LMN, pertencente \u00e0 empresa Jotan Taxi A\u00e9reo, prestava servi\u00e7o \u00e0 Secretaria Especial de Sa\u00fade Ind\u00edgena, ligada ao Minist\u00e9rio da Sa\u00fade.<\/p>\n<p>De acordo com o minist\u00e9rio, estavam a bordo as t\u00e9cnicas de enfermagem Rayline Sabrina Brito Campos, Luciney Aguiar de Sousa e Raimunda L\u00facia da Silva Costa, o motorista Ari Lima e o piloto Luiz Feltrin.<\/p>\n<p><b>Entenda o caso<\/b><\/p>\n<p>O bimotor transportava o comandante Luiz Feltrin, dono da empresa Jotan T\u00e1xi A\u00e9reo, um motorista e tr\u00eas funcion\u00e1rios de sa\u00fade, que iriam trabalhar no atendimento da comunidade ind\u00edgena da regi\u00e3o. O \u00faltimo contato recebido da aeronave foi uma mensagem de texto da t\u00e9cnica de enfermagem Rayline Campos, que mandou um SMS para o tio preocupada com o mau tempo e as condi\u00e7\u00f5es da aeronave.<\/p>\n<p>Na \u00faltima segunda-feira (24), r\u00e1dios e blogs do oeste do Par\u00e1 chegaram a divulgar que o avi\u00e3o havia sido encontrado, mas a informa\u00e7\u00e3o foi desmentida pelas equipes de salvamento.<\/p>\n<p>Fonte: Estad\u00e3o \/ Ag\u00eancia Brasil<\/p>\n","protected":false},"excerpt":{"rendered":"<p>Avi\u00e3o Amazonas e o helic\u00f3ptero Black Hawk da FAB continuam sobrevoando a regi\u00e3o de Jacareacanga, no Par\u00e1 O avi\u00e3o Amazonas e o helic\u00f3ptero Black Hawk&#8230;<\/p>\n","protected":false},"author":1182,"featured_media":4617,"comment_status":"closed","ping_status":"closed","sticky":false,"template":"","format":"standard","meta":{"footnotes":""},"categories":[6],"tags":[688,690,513,875],"class_list":["post-4614","post","type-post","status-publish","format-standard","has-post-thumbnail","hentry","category-noticias","tag-aviao","tag-desaparecido","tag-para","tag-pistas"],"_links":{"self":[{"href":"https:\/\/www.sincomam.org.br\/index.php\/wp-json\/wp\/v2\/posts\/4614","targetHints":{"allow":["GET"]}}],"collection":[{"href":"https:\/\/www.sincomam.org.br\/index.php\/wp-json\/wp\/v2\/posts"}],"about":[{"href":"https:\/\/www.sincomam.org.br\/index.php\/wp-json\/wp\/v2\/types\/post"}],"author":[{"embeddable":true,"href":"https:\/\/www.sincomam.org.br\/index.php\/wp-json\/wp\/v2\/users\/1182"}],"replies":[{"embeddable":true,"href":"https:\/\/www.sincomam.org.br\/index.php\/wp-json\/wp\/v2\/comments?post=4614"}],"version-history":[{"count":1,"href":"https:\/\/www.sincomam.org.br\/index.php\/wp-json\/wp\/v2\/posts\/4614\/revisions"}],"predecessor-version":[{"id":4616,"href":"https:\/\/www.sincomam.org.br\/index.php\/wp-json\/wp\/v2\/posts\/4614\/revisions\/4616"}],"wp:featuredmedia":[{"embeddable":true,"href":"https:\/\/www.sincomam.org.br\/index.php\/wp-json\/wp\/v2\/media\/4617"}],"wp:attachment":[{"href":"https:\/\/www.sincomam.org.br\/index.php\/wp-json\/wp\/v2\/media?parent=4614"}],"wp:term":[{"taxonomy":"category","embeddable":true,"href":"https:\/\/www.sincomam.org.br\/index.php\/wp-json\/wp\/v2\/categories?post=4614"},{"taxonomy":"post_tag","embeddable":true,"href":"https:\/\/www.sincomam.org.br\/index.php\/wp-json\/wp\/v2\/tags?post=4614"}],"curies":[{"name":"wp","href":"https:\/\/api.w.org\/{rel}","templated":true}]}}