{"id":46117,"date":"2023-06-28T11:24:08","date_gmt":"2023-06-28T14:24:08","guid":{"rendered":"http:\/\/www.sincomam.org.br\/?p=46117"},"modified":"2023-06-28T11:24:08","modified_gmt":"2023-06-28T14:24:08","slug":"marcado-periodo-de-consulta-publica-para-terminal-em-santana","status":"publish","type":"post","link":"https:\/\/www.sincomam.org.br\/index.php\/marcado-periodo-de-consulta-publica-para-terminal-em-santana\/","title":{"rendered":"Marcado per\u00edodo de consulta p\u00fablica para terminal em Santana"},"content":{"rendered":"<p>A Consulta P\u00fablica para obter contribui\u00e7\u00f5es, subs\u00eddios e sugest\u00f5es para o aprimoramento dos estudos para arrendamento da instala\u00e7\u00e3o portu\u00e1ria denominada MCP03, no Porto Organizado de Santana (AP) acontecer\u00e1 entre os dias 05 de julho a 25 de agosto.<\/p>\n<p>A informa\u00e7\u00e3o foi publicada no Di\u00e1rio Oficial da Uni\u00e3o (DOU) desta segunda-feira (26). O terminal, destinado \u00e0 movimenta\u00e7\u00e3o e armazenagem de gran\u00e9is s\u00f3lidos vegetais, especialmente soja e milho, possui uma \u00e1rea brownfield de 11.680 m\u00b2 e a expectativa \u00e9 que sejam investidos cerca de R$ 89 milh\u00f5es, dos quais R$ 20 milh\u00f5es ser\u00e3o somente em melhorias da infraestrutura existente.<\/p>\n<p>Tamb\u00e9m ser\u00e1 marcada uma audi\u00eancia p\u00fablica, na forma presencial ou telepresencial. A data, hor\u00e1rio e local ser\u00e3o publicados no DOU.<\/p>\n<p><b>Sobre a consulta p\u00fablica<\/b><\/p>\n<p>As minutas jur\u00eddicas e os documentos t\u00e9cnicos objeto do presente aviso de consulta p\u00fablica estar\u00e3o dispon\u00edveis no seguinte endere\u00e7o eletr\u00f4nico:\u00a0<a href=\"https:\/\/www.gov.br\/antaq\/pt-br\/acesso-a-informacao\/participacao-social\/participacaosocial\/\">https:\/\/www.gov.br\/antaq\/pt-br\/acesso-a-informacao\/participacao-social\/participacaosocial\/<\/a>.<\/p>\n<p>Ser\u00e3o consideradas pela Ag\u00eancia apenas as contribui\u00e7\u00f5es, subs\u00eddios e sugest\u00f5es que tenham por objeto as minutas colocadas em consulta e audi\u00eancia p\u00fablicas. As contribui\u00e7\u00f5es poder\u00e3o ser dirigidas \u00e0 ANTAQ at\u00e9 as 23h59 do dia 25\/08\/2023, exclusivamente por meio e na forma do formul\u00e1rio eletr\u00f4nico dispon\u00edvel no s\u00edtio\u00a0<a href=\"https:\/\/www.gov.br\/antaq\/pt-br\">https:\/\/www.gov.br\/antaq\/pt-br<\/a>, n\u00e3o sendo aceitas contribui\u00e7\u00f5es enviadas por meio diverso.<\/p>\n<p>Ser\u00e1 permitido anexar imagens digitais, tais como mapas, plantas e fotos, exclusivamente atrav\u00e9s do e-mail\u00a0<a href=\"mailto:anexo_audiencia032023@antaq.gov.br\">anexo_audiencia032023@antaq.gov.br<\/a>, mediante identifica\u00e7\u00e3o do contribuinte e no prazo estipulado neste aviso. As contribui\u00e7\u00f5es em texto dever\u00e3o ser preenchidas nos campos apropriados do formul\u00e1rio eletr\u00f4nico.<\/p>\n<p>Caso o interessado n\u00e3o disponha dos recursos necess\u00e1rios para o envio da contribui\u00e7\u00e3o por meio do formul\u00e1rio eletr\u00f4nico, poder\u00e1 faz\u00ea-lo utilizando o computador da Secretaria-Geral (SGE) da Ag\u00eancia, em Bras\u00edlia\/DF, ou nas suas Unidades Regionais, cujos endere\u00e7os se encontram dispon\u00edveis no s\u00edtio da ANTAQ.<\/p>\n<p><b>Reuni\u00e3o de Diretoria<\/b><\/p>\n<p>Tamb\u00e9m foi publicado no DOU desta segunda-feira a aprova\u00e7\u00e3o do calend\u00e1rio de reuni\u00f5es da Diretoria Colegiada da ANTAQ para o 2\u00ba semestre de 2023, bem como a altera\u00e7\u00e3o da data da 546\u00aa ROD, transferida\u00a0do dia 26\/06 para a pr\u00f3xima segunda-feira (03\/07).\u00a0Tanto o calend\u00e1rio quanto o per\u00edodo da nova reuni\u00e3o de diretoria est\u00e3o dispon\u00edveis no site da ANTAQ.<\/p>\n<p>Fonte: Antaq<\/p>\n","protected":false},"excerpt":{"rendered":"<p>A Consulta P\u00fablica para obter contribui\u00e7\u00f5es, subs\u00eddios e sugest\u00f5es para o aprimoramento dos estudos para arrendamento da instala\u00e7\u00e3o portu\u00e1ria denominada MCP03, no Porto Organizado de&#8230;<\/p>\n","protected":false},"author":1527,"featured_media":46118,"comment_status":"closed","ping_status":"closed","sticky":false,"template":"","format":"standard","meta":{"footnotes":""},"categories":[6],"tags":[],"class_list":["post-46117","post","type-post","status-publish","format-standard","has-post-thumbnail","hentry","category-noticias"],"_links":{"self":[{"href":"https:\/\/www.sincomam.org.br\/index.php\/wp-json\/wp\/v2\/posts\/46117","targetHints":{"allow":["GET"]}}],"collection":[{"href":"https:\/\/www.sincomam.org.br\/index.php\/wp-json\/wp\/v2\/posts"}],"about":[{"href":"https:\/\/www.sincomam.org.br\/index.php\/wp-json\/wp\/v2\/types\/post"}],"author":[{"embeddable":true,"href":"https:\/\/www.sincomam.org.br\/index.php\/wp-json\/wp\/v2\/users\/1527"}],"replies":[{"embeddable":true,"href":"https:\/\/www.sincomam.org.br\/index.php\/wp-json\/wp\/v2\/comments?post=46117"}],"version-history":[{"count":1,"href":"https:\/\/www.sincomam.org.br\/index.php\/wp-json\/wp\/v2\/posts\/46117\/revisions"}],"predecessor-version":[{"id":46119,"href":"https:\/\/www.sincomam.org.br\/index.php\/wp-json\/wp\/v2\/posts\/46117\/revisions\/46119"}],"wp:featuredmedia":[{"embeddable":true,"href":"https:\/\/www.sincomam.org.br\/index.php\/wp-json\/wp\/v2\/media\/46118"}],"wp:attachment":[{"href":"https:\/\/www.sincomam.org.br\/index.php\/wp-json\/wp\/v2\/media?parent=46117"}],"wp:term":[{"taxonomy":"category","embeddable":true,"href":"https:\/\/www.sincomam.org.br\/index.php\/wp-json\/wp\/v2\/categories?post=46117"},{"taxonomy":"post_tag","embeddable":true,"href":"https:\/\/www.sincomam.org.br\/index.php\/wp-json\/wp\/v2\/tags?post=46117"}],"curies":[{"name":"wp","href":"https:\/\/api.w.org\/{rel}","templated":true}]}}