{"id":46114,"date":"2023-06-28T11:10:14","date_gmt":"2023-06-28T14:10:14","guid":{"rendered":"http:\/\/www.sincomam.org.br\/?p=46114"},"modified":"2023-06-28T11:10:14","modified_gmt":"2023-06-28T14:10:14","slug":"censo-2022-familia-brasileira-encolhe-e-ja-tem-menos-de-3-pessoas","status":"publish","type":"post","link":"https:\/\/www.sincomam.org.br\/index.php\/censo-2022-familia-brasileira-encolhe-e-ja-tem-menos-de-3-pessoas\/","title":{"rendered":"Censo 2022: fam\u00edlia brasileira &#8216;encolhe&#8217; e j\u00e1 tem menos de 3 pessoas"},"content":{"rendered":"<div class=\"mc-column content-text active-extra-styles active-capital-letter\" data-block-type=\"unstyled\" data-block-weight=\"72\" data-block-id=\"2\">\n<p class=\"content-text__container theme-color-primary-first-letter\" data-track-category=\"Link no Texto\" data-track-links=\"\">As\u00a0fam\u00edlias brasileiras est\u00e3o ficando mais enxutas\u00a0e seus domic\u00edlios t\u00eam cada vez menos membros. \u00c9 o que indicam os primeiros resultados\u00a0do Censo Demogr\u00e1fico 2022, divulgado nesta quarta-feira pelo\u00a0IBGE. Os domic\u00edlios brasileiros tem, na m\u00e9dia, menos de tr\u00eas pessoas: hoje, s\u00e3o 2,79 moradores por resid\u00eancia. Em 2010, quando foi realizado o \u00faltimo\u00a0Censo, eram 3,31. Trata-se da menor m\u00e9dia registrada desde o Censo de 1980, para quando h\u00e1 dados dispon\u00edveis.<\/p>\n<\/div>\n<div class=\"wall protected-content\">\n<div class=\"mc-column content-text active-extra-styles\" data-block-type=\"raw\" data-block-weight=\"29\" data-block-id=\"3\">\n<div class=\"mc-column content-text active-extra-styles \" data-block-type=\"unstyled\" data-block-weight=\"48\" data-block-id=\"4\">\n<p class=\"content-text__container \" data-track-category=\"Link no Texto\" data-track-links=\"\">Apesar da redu\u00e7\u00e3o do n\u00famero de pessoas por domic\u00edlio na m\u00e9dia do pa\u00eds, uma desigualdade regional persiste quando se trata dessa densidade. No Amazonas, a m\u00e9dia atinge 3,64 pessoas por lar. J\u00e1 no Rio Grande do Sul, cai para 2,54. Na capital Porto Alegre, s\u00e3o apenas 2,37.<\/p>\n<\/div>\n<div class=\"row medium-uncollapsed content-media content-photo\" data-block-type=\"backstage-photo\" data-block-id=\"5\">\n<div class=\"mc-column content-media__container\">\n<div class=\"content-media-container glb-skeleton-box\">\n<div class=\"mc-column content-text active-extra-styles \" data-block-type=\"unstyled\" data-block-weight=\"71\" data-block-id=\"6\">\n<p class=\"content-text__container \" data-track-category=\"Link no Texto\" data-track-links=\"\">Estas s\u00e3o as primeiras informa\u00e7\u00f5es que ajudam a tra\u00e7ar uma fotografia do Brasil depois da pandemia de Covid-19. A pesquisa\u00a0deveria ter ido a campo em 2020, mas a crise sanit\u00e1ria e o impasse or\u00e7ament\u00e1rio com o governo federal, durante a gest\u00e3o de Jair Bolsonaro, atrasaram a coleta. O \u00faltimo Censo foi realizado em 2010 e, de l\u00e1 pra c\u00e1, o instituto realizava proje\u00e7\u00f5es para estimar o tamanho da popula\u00e7\u00e3o brasileira.<\/p>\n<\/div>\n<div class=\"content-ads content-ads--reveal\" data-block-type=\"ads\" data-block-id=\"7\">\n<div id=\"banner_materia2\" class=\"tag-manager-publicidade-container mc-has-reveal mc-has-ad-lazyload tag-manager-publicidade-banner_materia2 tag-manager-publicidade-container--carregado tag-manager-publicidade-container--visivel\" data-id=\"banner_materia2\" data-google-query-id=\"CNHq36WR5v8CFSWWlQIdrK0F9A\">\n<div class=\"mc-column content-text active-extra-styles \" data-block-type=\"unstyled\" data-block-weight=\"48\" data-block-id=\"8\">\n<p class=\"content-text__container \" data-track-category=\"Link no Texto\" data-track-links=\"\">A s\u00e9rie aponta que a m\u00e9dia de moradores por domic\u00edlio vem caindo desde o Censo de 1980 at\u00e9 o mais recente, de 2022. O movimento segue uma tend\u00eancia associada ao perfil das fam\u00edlias: resid\u00eancias com casais e filhos, ou outros tipos de arranjo, t\u00eam se tornado menos frequente.<\/p>\n<p class=\"content-text__container \" data-track-category=\"Link no Texto\" data-track-links=\"\"><strong><span style=\"font-size: 16px;\">Fam\u00edlia encolheu com passar das gera\u00e7\u00f5es<\/span><\/strong><\/p>\n<p class=\"content-text__container \" data-track-category=\"Link no Texto\" data-track-links=\"\">A professora universit\u00e1ria L\u00edvia Maria Santiago, de 43 anos, reconhece que sua fam\u00edlia t\u00eam ficado mais enxuta ao passar das gera\u00e7\u00f5es. L\u00edvia \u00e9 a ca\u00e7ula de dois irm\u00e3os, um com 52 e a uma de 48 anos. Na fam\u00edlia, apenas sua irm\u00e3 teve filhos. Seu irm\u00e3o, casado h\u00e1 mais de 20 anos, optou por n\u00e3o seguir o caminho da paternidade.<\/p>\n<p data-track-category=\"Link no Texto\" data-track-links=\"\">Com a carreira consolidada, ela afirma ter certeza de que n\u00e3o quer ser m\u00e3e. A professora universit\u00e1ria viu sua fam\u00edlia diminuir de tamanho: de 12 tios no seu n\u00facleo familiar, foi para tr\u00eas adultos e, atualmente, duas crian\u00e7as.<\/p>\n<p data-track-category=\"Link no Texto\" data-track-links=\"\">\u2014 Hoje \u00e9 uma escolha consciente (n\u00e3o ter filhos). Minha carreira sempre esteve no topo da lista \u2014 afirma L\u00edvia, que mora em um apartamento na Zona Norte do Rio, com a companhia do seu cachorro, Noel Rosa, e da gata rec\u00e9m-adotada, Vov\u00f3 Juju.<\/p>\n<p data-track-category=\"Link no Texto\" data-track-links=\"\"><strong>M\u00e9dia varia conforme regi\u00e3o<\/strong><\/p>\n<div class=\"mc-column content-text active-extra-styles\" data-block-type=\"raw\" data-block-weight=\"4\" data-block-id=\"16\">\n<p>Em que pese a redu\u00e7\u00e3o de pessoas por resid\u00eancia no pa\u00eds, a desigualdade de densidade ainda \u00e9 significativa entre as regi\u00f5es. Na compara\u00e7\u00e3o entre estados, enquanto no Rio Grande do Sul a m\u00e9dia \u00e9 de 2,54 pessoas por domic\u00edlio, essa m\u00e9dia chega a 3,64 no Amazonas.<\/p>\n<\/div>\n<div class=\"mc-column content-text active-extra-styles \" data-block-type=\"unstyled\" data-block-weight=\"26\" data-block-id=\"18\">\n<p class=\"content-text__container \" data-track-category=\"Link no Texto\" data-track-links=\"\">J\u00e1 no recorte por capitais, Macap\u00e1 registra a maior m\u00e9dia de moradores por domic\u00edlio: chega a 3,56. No outro extremo, Porto Alegre possui m\u00e9dia de 2,37.<\/p>\n<div class=\"mc-column content-text active-extra-styles \" data-block-type=\"unstyled\" data-block-weight=\"6\" data-block-id=\"20\">\n<p class=\"content-text__container \" data-track-category=\"Link no Texto\" data-track-links=\"\"><strong>Qual \u00e9 o significado do Censo?<\/strong><\/p>\n<\/div>\n<div class=\"mc-column content-text active-extra-styles \" data-block-type=\"unstyled\" data-block-weight=\"31\" data-block-id=\"21\">\n<p class=\"content-text__container \" data-track-category=\"Link no Texto\" data-track-links=\"\">O Censo, realizado a cada dez anos, \u00e9 a mais ampla pesquisa sobre a popula\u00e7\u00e3o brasileira e \u00e9 feita mediante visita ou coleta de informa\u00e7\u00f5es em todos os domic\u00edlios do pa\u00eds.<\/p>\n<div class=\"mc-column content-text active-extra-styles \" data-block-type=\"unstyled\" data-block-weight=\"36\" data-block-id=\"23\">\n<p class=\"content-text__container \" data-track-category=\"Link no Texto\" data-track-links=\"\">O levantamento \u00e9 usado como base para diversas pol\u00edticas p\u00fablicas, como distribui\u00e7\u00e3o de vacinas, e tamb\u00e9m como crit\u00e9rio para repasses de recursos da Uni\u00e3o para munic\u00edpios. \u00c9 ainda a base para pesquisas eleitorais e investiga\u00e7\u00f5es acad\u00eamicas.<\/p>\n<\/div>\n<div data-track-category=\"multicontent\" data-track-action=\"ultimo chunk conteudo\" data-track-noninteraction=\"false\" data-track-scroll=\"view\">\n<div class=\"mc-column content-media\" data-block-type=\"backstage-embed-webstories\" data-block-id=\"24\">\n<div class=\"glb-story-player\">\n<div class=\"i-amphtml-story-player-main-container i-amphtml-story-player-loaded i-amphtml-story-player-panel i-amphtml-story-player-panel-medium\">Fonte: O Globo<\/div>\n<\/div>\n<\/div>\n<\/div>\n<\/div>\n<\/div>\n<\/div>\n<section id=\"gallery-998f102c-d2fd-4734-a5e7-0e3b05081b3d\" class=\"galeria-fotos\"><\/section>\n<\/div>\n<\/div>\n<\/div>\n<\/div>\n<\/div>\n<\/div>\n<\/div>\n","protected":false},"excerpt":{"rendered":"<p>As\u00a0fam\u00edlias brasileiras est\u00e3o ficando mais enxutas\u00a0e seus domic\u00edlios t\u00eam cada vez menos membros. \u00c9 o que indicam os primeiros resultados\u00a0do Censo Demogr\u00e1fico 2022, divulgado nesta&#8230;<\/p>\n","protected":false},"author":1527,"featured_media":46115,"comment_status":"closed","ping_status":"closed","sticky":false,"template":"","format":"standard","meta":{"footnotes":""},"categories":[6],"tags":[],"class_list":["post-46114","post","type-post","status-publish","format-standard","has-post-thumbnail","hentry","category-noticias"],"_links":{"self":[{"href":"https:\/\/www.sincomam.org.br\/index.php\/wp-json\/wp\/v2\/posts\/46114","targetHints":{"allow":["GET"]}}],"collection":[{"href":"https:\/\/www.sincomam.org.br\/index.php\/wp-json\/wp\/v2\/posts"}],"about":[{"href":"https:\/\/www.sincomam.org.br\/index.php\/wp-json\/wp\/v2\/types\/post"}],"author":[{"embeddable":true,"href":"https:\/\/www.sincomam.org.br\/index.php\/wp-json\/wp\/v2\/users\/1527"}],"replies":[{"embeddable":true,"href":"https:\/\/www.sincomam.org.br\/index.php\/wp-json\/wp\/v2\/comments?post=46114"}],"version-history":[{"count":1,"href":"https:\/\/www.sincomam.org.br\/index.php\/wp-json\/wp\/v2\/posts\/46114\/revisions"}],"predecessor-version":[{"id":46116,"href":"https:\/\/www.sincomam.org.br\/index.php\/wp-json\/wp\/v2\/posts\/46114\/revisions\/46116"}],"wp:featuredmedia":[{"embeddable":true,"href":"https:\/\/www.sincomam.org.br\/index.php\/wp-json\/wp\/v2\/media\/46115"}],"wp:attachment":[{"href":"https:\/\/www.sincomam.org.br\/index.php\/wp-json\/wp\/v2\/media?parent=46114"}],"wp:term":[{"taxonomy":"category","embeddable":true,"href":"https:\/\/www.sincomam.org.br\/index.php\/wp-json\/wp\/v2\/categories?post=46114"},{"taxonomy":"post_tag","embeddable":true,"href":"https:\/\/www.sincomam.org.br\/index.php\/wp-json\/wp\/v2\/tags?post=46114"}],"curies":[{"name":"wp","href":"https:\/\/api.w.org\/{rel}","templated":true}]}}