{"id":46076,"date":"2023-06-26T09:08:54","date_gmt":"2023-06-26T12:08:54","guid":{"rendered":"http:\/\/www.sincomam.org.br\/?p=46076"},"modified":"2023-06-26T09:09:09","modified_gmt":"2023-06-26T12:09:09","slug":"velejadores-resgatados-atuacao-de-salvamar-leste-e-marinha-do-brasil-salva-tres-vidas","status":"publish","type":"post","link":"https:\/\/www.sincomam.org.br\/index.php\/velejadores-resgatados-atuacao-de-salvamar-leste-e-marinha-do-brasil-salva-tres-vidas\/","title":{"rendered":"Velejadores resgatados: Atua\u00e7\u00e3o de Salvamar Leste e Marinha do Brasil salva tr\u00eas vidas"},"content":{"rendered":"<p>\u201cEstou muito feliz de estar em terra. N\u00e3o esperava que seria resgatado t\u00e3o r\u00e1pido\u201d, disse com al\u00edvio Tarso Moura Dias, 37 anos, um dos tripulantes do veleiro\u00a0\u201cXEF\u201d\u00a0que naufragou ap\u00f3s colidir com uma baleia a 130 km da costa de Ilh\u00e9us, na Bahia. O incidente ocorreu na quarta-feira, 21 de junho de 2023, e resultou no resgate bem-sucedido de Tarso e dos outros dois tripulantes, Ubiraci Nunes Dias, 60, e Graciliano Delgado de Monteiro, 61. A opera\u00e7\u00e3o foi coordenada pelo\u00a0Servi\u00e7o de Busca e Salvamento Mar\u00edtimo do Leste (Salvamar Leste), operado pelo Comando do 2\u00ba Distrito Naval (Com2\u00baDN).<\/p>\n<p><strong>Atua\u00e7\u00e3o decisiva da Marinha do Brasil<\/strong><\/p>\n<p>Ap\u00f3s tomar conhecimento do naufr\u00e1gio, a\u00a0Marinha do Brasil (MB)\u00a0agiu rapidamente. Com o apoio inicial da Delegacia da Capitania dos Portos em Ilh\u00e9us, o Salvamar Leste organizou as a\u00e7\u00f5es da Opera\u00e7\u00e3o de Busca e Salvamento (SAR). Foi emitido um Aviso aos Navegantes, chamadas foram realizadas pela Rede Nacional de Esta\u00e7\u00f5es Costeiras e a For\u00e7a A\u00e9rea Brasileira foi acionada para auxiliar na busca pelos n\u00e1ufragos. A Corveta \u201cCaboclo\u201d foi enviada para realizar as buscas.<\/p>\n<div class=\"td-a-rec td-a-rec-id-content_inline td_uid_2_6496eaa0c9c53_rand td_block_template_11\">\n<p><strong>Solidariedade em alto mar<\/strong><\/p>\n<\/div>\n<p>O\u00a0Capit\u00e3o de Fragata Dhartha Dantas, Chefe de Opera\u00e7\u00f5es do Com2\u00baDN, explicou que, al\u00e9m da mobiliza\u00e7\u00e3o dos meios militares, uma das estrat\u00e9gias nesses casos \u00e9 solicitar apoio \u00e0s embarca\u00e7\u00f5es pr\u00f3ximas do local do naufr\u00e1gio. O navio mercante \u2018Dan Sabia\u2019 estava navegando na regi\u00e3o, foi contactado e alterou seu rumo para a \u00e1rea do naufr\u00e1gio, realizando o resgate \u00e0s 12h35. \u201cNunca fiquei t\u00e3o feliz em ver um navio vindo em nossa dire\u00e7\u00e3o\u201d, declarou o velejador Ubiraci.<\/p>\n<p><strong>O Salvamar Leste e a Marinha do Brasil: preservando vidas<\/strong><\/p>\n<p>Ap\u00f3s o resgate, os velejadores e seus familiares puderam conhecer o\u00a0Centro de Comando Naval de \u00c1rea (CCNA)\u00a0e a equipe do setor, localizado na sede do Com2\u00baDN, de onde as buscas desse naufr\u00e1gio foram coordenadas. O Salvamar Leste, cujo principal objetivo \u00e9 a salvaguarda da vida humana no mar, mostrou mais uma vez sua efici\u00eancia e compromisso. Esta opera\u00e7\u00e3o de resgate bem-sucedida ilustra o importante papel que essas entidades desempenham na seguran\u00e7a mar\u00edtima, especialmente em situa\u00e7\u00f5es de emerg\u00eancia.<\/p>\n<p>Fonte: Defesa em Foco<\/p>\n","protected":false},"excerpt":{"rendered":"<p>\u201cEstou muito feliz de estar em terra. N\u00e3o esperava que seria resgatado t\u00e3o r\u00e1pido\u201d, disse com al\u00edvio Tarso Moura Dias, 37 anos, um dos tripulantes&#8230;<\/p>\n","protected":false},"author":1527,"featured_media":46077,"comment_status":"closed","ping_status":"closed","sticky":false,"template":"","format":"standard","meta":{"footnotes":""},"categories":[6],"tags":[],"class_list":["post-46076","post","type-post","status-publish","format-standard","has-post-thumbnail","hentry","category-noticias"],"_links":{"self":[{"href":"https:\/\/www.sincomam.org.br\/index.php\/wp-json\/wp\/v2\/posts\/46076","targetHints":{"allow":["GET"]}}],"collection":[{"href":"https:\/\/www.sincomam.org.br\/index.php\/wp-json\/wp\/v2\/posts"}],"about":[{"href":"https:\/\/www.sincomam.org.br\/index.php\/wp-json\/wp\/v2\/types\/post"}],"author":[{"embeddable":true,"href":"https:\/\/www.sincomam.org.br\/index.php\/wp-json\/wp\/v2\/users\/1527"}],"replies":[{"embeddable":true,"href":"https:\/\/www.sincomam.org.br\/index.php\/wp-json\/wp\/v2\/comments?post=46076"}],"version-history":[{"count":2,"href":"https:\/\/www.sincomam.org.br\/index.php\/wp-json\/wp\/v2\/posts\/46076\/revisions"}],"predecessor-version":[{"id":46079,"href":"https:\/\/www.sincomam.org.br\/index.php\/wp-json\/wp\/v2\/posts\/46076\/revisions\/46079"}],"wp:featuredmedia":[{"embeddable":true,"href":"https:\/\/www.sincomam.org.br\/index.php\/wp-json\/wp\/v2\/media\/46077"}],"wp:attachment":[{"href":"https:\/\/www.sincomam.org.br\/index.php\/wp-json\/wp\/v2\/media?parent=46076"}],"wp:term":[{"taxonomy":"category","embeddable":true,"href":"https:\/\/www.sincomam.org.br\/index.php\/wp-json\/wp\/v2\/categories?post=46076"},{"taxonomy":"post_tag","embeddable":true,"href":"https:\/\/www.sincomam.org.br\/index.php\/wp-json\/wp\/v2\/tags?post=46076"}],"curies":[{"name":"wp","href":"https:\/\/api.w.org\/{rel}","templated":true}]}}