{"id":46064,"date":"2023-06-26T06:31:55","date_gmt":"2023-06-26T09:31:55","guid":{"rendered":"http:\/\/www.sincomam.org.br\/?p=46064"},"modified":"2023-06-26T06:31:55","modified_gmt":"2023-06-26T09:31:55","slug":"antaq-e-marinha-do-brasil-se-reunem-para-discutir-a-colaboracao-da-agencia-durante-a-auditoria-da-imo-no-pais","status":"publish","type":"post","link":"https:\/\/www.sincomam.org.br\/index.php\/antaq-e-marinha-do-brasil-se-reunem-para-discutir-a-colaboracao-da-agencia-durante-a-auditoria-da-imo-no-pais\/","title":{"rendered":"ANTAQ E MARINHA DO BRASIL SE RE\u00daNEM PARA DISCUTIR A COLABORA\u00c7\u00c3O DA AG\u00caNCIA DURANTE A AUDITORIA DA IMO NO PA\u00cdS"},"content":{"rendered":"<p>Os diretores da Ag\u00eancia Nacional de Transportes Aquavi\u00e1rios (ANTAQ), gestores da Ag\u00eancia e servidores que participam do GT-IMO, realizaram uma reuni\u00e3o com o alto comando da Marinha nessa quarta-feira (21). O objetivo foi definir os \u00faltimos detalhes relativos \u00e0 participa\u00e7\u00e3o e \u00e0 contribui\u00e7\u00e3o da ANTAQ durante a Auditoria dos Estados-Membros da Organiza\u00e7\u00e3o Mar\u00edtima Internacional (IMSAS-IMO), que neste ano ser\u00e1 realizada no Brasil<\/p>\n<p>O encontro ocorreu de maneira h\u00edbrida: presencialmente no pr\u00e9dio da ANTAQ e virtualmente por meio da plataforma Microsoft Teams, e contou com a participa\u00e7\u00e3o de representantes da ANTAQ e da Marinha do Brasil.<\/p>\n<p>Durante a reuni\u00e3o, foram discutidos aspectos relativos ao documento \u201cPlano Geral para Implementa\u00e7\u00e3o dos instrumentos da Organiza\u00e7\u00e3o mar\u00edtima internacional\u201d, que contou com aportes da Ag\u00eancia e foi aprovado durante a \u00faltima reuni\u00e3o da Comiss\u00e3o Coordenadora dos Assuntos da IMO- CCA-IMO, da qual a Ag\u00eancia participa.<\/p>\n<p>Al\u00e9m disso, foram tratados aspectos relativos \u00e0 implementa\u00e7\u00e3o de alguns c\u00f3digos da IMO no que tange as responsabilidades do Pa\u00eds enquanto \u201cEstado de Porto\u201d, como os c\u00f3digos IMSBC, IMDG e o Grain Code.<\/p>\n<p>Aten\u00e7\u00e3o especial foi dada \u00e0 recente atualiza\u00e7\u00e3o que a Ag\u00eancia realizou na norma que disciplina a presta\u00e7\u00e3o de servi\u00e7os de retirada de res\u00edduos de embarca\u00e7\u00f5es em \u00e1guas sob jurisdi\u00e7\u00e3o nacional em portos p\u00fablicos e nas instala\u00e7\u00f5es portu\u00e1rias autorizadas (<a class=\"external-link\" title=\"\" href=\"https:\/\/juris.antaq.gov.br\/index.php\/2023\/06\/01\/99-2023\/\" target=\"_blank\" rel=\"noopener\" data-tippreview-enabled=\"false\" data-tippreview-image=\"\" data-tippreview-title=\"\">Resolu\u00e7\u00e3o Normativa 99\/2023-ANTAQ<\/a>).<\/p>\n<p>Cabe ressaltar, que a ANTAQ \u00e9 a entidade respons\u00e1vel por alimentar o sistema Gisis da IMO, no que tange as informa\u00e7\u00f5es relativas \u00e0s empresas que prestam esses servi\u00e7os no Brasil. Tamb\u00e9m fica \u00e0 cargo da Ag\u00eancia responder, \u00e0 IMO, inadequa\u00e7\u00f5es reportadas durante a contrata\u00e7\u00e3o e presta\u00e7\u00e3o desses servi\u00e7os.<\/p>\n<p>Por fim, foram debatidos temas a serem transmitidos \u00e0 IMO durante a realiza\u00e7\u00e3o das auditorias. Na oportunidade, a ANTAQ ir\u00e1 realizar apresenta\u00e7\u00e3o institucional que dever\u00e1 abordar a Agenda Ambiental 2022\/2023 da ANTAQ, o \u00cdndice de Desempenho Ambiental (IDA), o painel estat\u00edstico da Ag\u00eancia, o estudo de Impacto da Mudan\u00e7a do Clima nos Portos Brasileiros, al\u00e9m de outras a\u00e7\u00f5es voltadas a sustentabilidade e a seguran\u00e7a portu\u00e1ria.<\/p>\n<p>O encontro contou com a presen\u00e7a do diretor-geral da ANTAQ, Eduardo Nery, do diretor Lima Filho, e representando a Marinha do Brasil estiveram presentes o capit\u00e3o de Mar e Guerra Fernando Emanuel Benites, da Superintend\u00eancia de Seguran\u00e7a do Tr\u00e1fego Aquavi\u00e1rio (Diretoria de Portos e Costa) e o capit\u00e3o de Mar e Guerra Paulo Roberto da Costa Barros, encarregado da Divis\u00e3o de Coordena\u00e7\u00e3o dos Assuntos da IMO (Estado-Maior da Armada).<\/p>\n<p>Tamb\u00e9m estiveram presentes o assessor de Rela\u00e7\u00f5es Internacionais, Alexandre Dal Fior, o superintendente de Outorgas, Renildo Silva, o superintendente de Fiscaliza\u00e7\u00e3o, Luiz Carlos de Souza, a superintendente de Desempenho, Sustentabilidade e Inova\u00e7\u00e3o, Cristina Castro, o gerente de regula\u00e7\u00e3o Portu\u00e1ria, Sandro Monteiro, o gerente de Regula\u00e7\u00e3o de Navega\u00e7\u00e3o, Jos\u00e9 Neto, e o gerente de Apoio T\u00e9cnico, F\u00e1bio Fonseca.<\/p>\n<p><b>Sobre a IMO<\/b><\/p>\n<p>A\u00a0IMO\u00a0\u00e9 uma ag\u00eancia da estrutura da ONU que visa a fornecer mecanismos de coopera\u00e7\u00e3o entre governos e estabelecer padr\u00f5es internacionais de seguran\u00e7a mar\u00edtima e efici\u00eancia da navega\u00e7\u00e3o, bem como padr\u00f5es de preven\u00e7\u00e3o e controle da polui\u00e7\u00e3o mar\u00edtima causada por navios.<\/p>\n<p>Cabe \u00e0 Marinha do Brasil representar o pa\u00eds no organismo, trabalho esse apoiado pela\u00a0 CCA-IMO. A ANTAQ conta com um Grupo de Trabalho designado para participar ativamente apoiando a Marinha brasileira em comit\u00eas t\u00e9cnicos, como o Comit\u00ea de Seguran\u00e7a Mar\u00edtima (MSC); Comit\u00ea de Facilita\u00e7\u00e3o (FAL); Comit\u00ea de Coopera\u00e7\u00e3o T\u00e9cnica (TC); e Comit\u00ea de Prote\u00e7\u00e3o ao Meio Ambiente Marinho (MEPC).<\/p>\n<p>Fonte: Informativo dos Portos<\/p>\n","protected":false},"excerpt":{"rendered":"<p>Os diretores da Ag\u00eancia Nacional de Transportes Aquavi\u00e1rios (ANTAQ), gestores da Ag\u00eancia e servidores que participam do GT-IMO, realizaram uma reuni\u00e3o com o alto comando&#8230;<\/p>\n","protected":false},"author":1527,"featured_media":46065,"comment_status":"closed","ping_status":"closed","sticky":false,"template":"","format":"standard","meta":{"footnotes":""},"categories":[6],"tags":[],"class_list":["post-46064","post","type-post","status-publish","format-standard","has-post-thumbnail","hentry","category-noticias"],"_links":{"self":[{"href":"https:\/\/www.sincomam.org.br\/index.php\/wp-json\/wp\/v2\/posts\/46064","targetHints":{"allow":["GET"]}}],"collection":[{"href":"https:\/\/www.sincomam.org.br\/index.php\/wp-json\/wp\/v2\/posts"}],"about":[{"href":"https:\/\/www.sincomam.org.br\/index.php\/wp-json\/wp\/v2\/types\/post"}],"author":[{"embeddable":true,"href":"https:\/\/www.sincomam.org.br\/index.php\/wp-json\/wp\/v2\/users\/1527"}],"replies":[{"embeddable":true,"href":"https:\/\/www.sincomam.org.br\/index.php\/wp-json\/wp\/v2\/comments?post=46064"}],"version-history":[{"count":1,"href":"https:\/\/www.sincomam.org.br\/index.php\/wp-json\/wp\/v2\/posts\/46064\/revisions"}],"predecessor-version":[{"id":46066,"href":"https:\/\/www.sincomam.org.br\/index.php\/wp-json\/wp\/v2\/posts\/46064\/revisions\/46066"}],"wp:featuredmedia":[{"embeddable":true,"href":"https:\/\/www.sincomam.org.br\/index.php\/wp-json\/wp\/v2\/media\/46065"}],"wp:attachment":[{"href":"https:\/\/www.sincomam.org.br\/index.php\/wp-json\/wp\/v2\/media?parent=46064"}],"wp:term":[{"taxonomy":"category","embeddable":true,"href":"https:\/\/www.sincomam.org.br\/index.php\/wp-json\/wp\/v2\/categories?post=46064"},{"taxonomy":"post_tag","embeddable":true,"href":"https:\/\/www.sincomam.org.br\/index.php\/wp-json\/wp\/v2\/tags?post=46064"}],"curies":[{"name":"wp","href":"https:\/\/api.w.org\/{rel}","templated":true}]}}