{"id":46058,"date":"2023-06-23T10:07:49","date_gmt":"2023-06-23T13:07:49","guid":{"rendered":"http:\/\/www.sincomam.org.br\/?p=46058"},"modified":"2023-06-23T10:07:49","modified_gmt":"2023-06-23T13:07:49","slug":"mutirao-de-renegociacao-de-dividas-sera-na-segunda-quinzena-de-julho","status":"publish","type":"post","link":"https:\/\/www.sincomam.org.br\/index.php\/mutirao-de-renegociacao-de-dividas-sera-na-segunda-quinzena-de-julho\/","title":{"rendered":"Mutir\u00e3o de renegocia\u00e7\u00e3o de d\u00edvidas ser\u00e1 na segunda quinzena de julho"},"content":{"rendered":"<p>A Secretaria Nacional do Consumidor (Senacon), do Minist\u00e9rio da Justi\u00e7a e Seguran\u00e7a P\u00fablica, realizar\u00e1, na segunda quinzena de julho, o mutir\u00e3o nacional de renegocia\u00e7\u00e3o de d\u00edvidas para o pagamento de d\u00e9bitos de consumo. O an\u00fancio foi feito pelo ministro da Justi\u00e7a e Seguran\u00e7a P\u00fablica, Fl\u00e1vio Dino, nesta quinta-feira (22), em Bras\u00edlia. \u00a0<img decoding=\"async\" src=\"https:\/\/agenciabrasil.ebc.com.br\/ebc.png?id=1539900&amp;o=node\" \/><img decoding=\"async\" src=\"https:\/\/agenciabrasil.ebc.com.br\/ebc.gif?id=1539900&amp;o=node\" \/><\/p>\n<p>Este ser\u00e1 o primeiro dos mutir\u00f5es que dever\u00e3o ser peri\u00f3dicos, conforme previsto no\u00a0<a href=\"http:\/\/www.in.gov.br\/en\/web\/dou\/-\/decreto-n-11.567-de-19-de-junho-de-2023-490730044\" target=\"_blank\" rel=\"noopener\">decreto 11.567<\/a>, assinado pelo presidente Luiz In\u00e1cio Lula da Silva, na segunda-feira (19).\u00a0<a href=\"http:\/\/agenciabrasil.ebc.com.br\/economia\/noticia\/2023-06\/governo-aumenta-minimo-existencial-de-r-303-para-r-600\" target=\"_blank\" rel=\"noopener\">O decreto<\/a>\u00a0elevou o valor do m\u00ednimo da renda mensal existencial de R$ 303 para R$ 600 para superendividados, que s\u00e3o pessoas que n\u00e3o conseguem pagar suas d\u00edvidas e manter o m\u00ednimo para sobreviver.<\/p>\n<p>O objetivo da medida \u00e9 proteger esses consumidores superendividados para que n\u00e3o ocorra o comprometimento do m\u00ednimo necess\u00e1rio para o pagamento de despesas b\u00e1sicas, como \u00e1gua e luz.<\/p>\n<h2>Efeito positivo<\/h2>\n<p>Fl\u00e1vio Dino acredita que o decreto ter\u00e1 efeito positivo. \u201cCom base no novo decreto editado pelo presidente Lula, achamos que o interesse dos superendividados em procurar os Procons e justi\u00e7a vai ampliado\u201d, afirmou.\u00a0O Procon \u00e9 um \u00f3rg\u00e3o p\u00fablico de defesa do consumidor, que integra um dos eixos do Sistema Nacional de Defesa Consumidor.<\/p>\n<p>O ministro destacou, ainda, que as empresas credoras devem participar de mutir\u00f5es de renegocia\u00e7\u00e3o de d\u00edvidas organizados pela Senacon.<\/p>\n<p>\u201cA participa\u00e7\u00e3o dos credores \u00e9 obrigat\u00f3ria. N\u00e3o \u00e9 uma possibilidade, \u00e9 uma obriga\u00e7\u00e3o. Os credores, uma vez convocados pela justi\u00e7a ou pelo Procon, s\u00e3o obrigados a participar, sob pena de haver um arbitramento desse novo plano de pagamento, sempre preservando o m\u00ednimo existencial, que antes era de R$ 303 e, agora, \u00e9 de R$ 600, melhorando, assim, a prote\u00e7\u00e3o aos direitos b\u00e1sicos dos cidad\u00e3os\u201d, explicou.<\/p>\n<p>Fonte: Ag\u00eancia Brasil<\/p>\n","protected":false},"excerpt":{"rendered":"<p>A Secretaria Nacional do Consumidor (Senacon), do Minist\u00e9rio da Justi\u00e7a e Seguran\u00e7a P\u00fablica, realizar\u00e1, na segunda quinzena de julho, o mutir\u00e3o nacional de renegocia\u00e7\u00e3o de&#8230;<\/p>\n","protected":false},"author":1527,"featured_media":45814,"comment_status":"closed","ping_status":"closed","sticky":false,"template":"","format":"standard","meta":{"footnotes":""},"categories":[6],"tags":[],"class_list":["post-46058","post","type-post","status-publish","format-standard","has-post-thumbnail","hentry","category-noticias"],"_links":{"self":[{"href":"https:\/\/www.sincomam.org.br\/index.php\/wp-json\/wp\/v2\/posts\/46058","targetHints":{"allow":["GET"]}}],"collection":[{"href":"https:\/\/www.sincomam.org.br\/index.php\/wp-json\/wp\/v2\/posts"}],"about":[{"href":"https:\/\/www.sincomam.org.br\/index.php\/wp-json\/wp\/v2\/types\/post"}],"author":[{"embeddable":true,"href":"https:\/\/www.sincomam.org.br\/index.php\/wp-json\/wp\/v2\/users\/1527"}],"replies":[{"embeddable":true,"href":"https:\/\/www.sincomam.org.br\/index.php\/wp-json\/wp\/v2\/comments?post=46058"}],"version-history":[{"count":1,"href":"https:\/\/www.sincomam.org.br\/index.php\/wp-json\/wp\/v2\/posts\/46058\/revisions"}],"predecessor-version":[{"id":46060,"href":"https:\/\/www.sincomam.org.br\/index.php\/wp-json\/wp\/v2\/posts\/46058\/revisions\/46060"}],"wp:featuredmedia":[{"embeddable":true,"href":"https:\/\/www.sincomam.org.br\/index.php\/wp-json\/wp\/v2\/media\/45814"}],"wp:attachment":[{"href":"https:\/\/www.sincomam.org.br\/index.php\/wp-json\/wp\/v2\/media?parent=46058"}],"wp:term":[{"taxonomy":"category","embeddable":true,"href":"https:\/\/www.sincomam.org.br\/index.php\/wp-json\/wp\/v2\/categories?post=46058"},{"taxonomy":"post_tag","embeddable":true,"href":"https:\/\/www.sincomam.org.br\/index.php\/wp-json\/wp\/v2\/tags?post=46058"}],"curies":[{"name":"wp","href":"https:\/\/api.w.org\/{rel}","templated":true}]}}