{"id":46046,"date":"2023-06-23T09:57:11","date_gmt":"2023-06-23T12:57:11","guid":{"rendered":"http:\/\/www.sincomam.org.br\/?p=46046"},"modified":"2023-06-23T09:57:11","modified_gmt":"2023-06-23T12:57:11","slug":"simposio-de-defesa-e-seguranca-internacional-desvenda-as-principais-ameacas-do-cenario-geopolitico-atual","status":"publish","type":"post","link":"https:\/\/www.sincomam.org.br\/index.php\/simposio-de-defesa-e-seguranca-internacional-desvenda-as-principais-ameacas-do-cenario-geopolitico-atual\/","title":{"rendered":"Simp\u00f3sio de Defesa e Seguran\u00e7a Internacional desvenda as principais amea\u00e7as do cen\u00e1rio geopol\u00edtico atual"},"content":{"rendered":"<p>Nos dias 19 e 20 de junho, o\u00a0<em>Centro de Instru\u00e7\u00e3o Almirante Sylvio de Camargo (CIASC)<\/em>\u00a0foi palco do impactante simp\u00f3sio \u201cDefesa e Seguran\u00e7a Internacional: quest\u00f5es e perspectivas\u201d. O principal objetivo desse evento foi ampliar a compreens\u00e3o e debater as quest\u00f5es mais relevantes sobre\u00a0<em>Defesa e Seguran\u00e7a<\/em>, tanto no \u00e2mbito nacional quanto internacional. Foi uma oportunidade \u00fanica para a troca de conhecimentos e experi\u00eancias entre especialistas de diferentes institui\u00e7\u00f5es.<\/p>\n<p><strong>Destaque \u00e0 Colabora\u00e7\u00e3o com o King\u2019s College London<\/strong><\/p>\n<p>Durante o simp\u00f3sio de dois dias, houve exposi\u00e7\u00f5es de\u00a0<em>autoridades nacionais<\/em>\u00a0e palestras de professores do\u00a0<em>King\u2019s College London (KCL)<\/em>, uma institui\u00e7\u00e3o reconhecida por sua expertise na \u00e1rea de Defesa e Seguran\u00e7a. A import\u00e2ncia dessa colabora\u00e7\u00e3o foi ressaltada pelo\u00a0<em>Chefe do Estado-Maior Conjunto das For\u00e7as Armadas (CEMCFA)<\/em>, Almirante de Esquadra Renato Rodrigues de Aguiar Freire. Ele destacou a participa\u00e7\u00e3o de profissionais renomados da KCL, incluindo v\u00e1rios laureados com o Pr\u00eamio Nobel.<\/p>\n<div class=\"td-a-rec td-a-rec-id-content_inline td_uid_2_64957d95b9241_rand td_block_template_11\">\n<p><strong>A Import\u00e2ncia da Intera\u00e7\u00e3o com o Universo Acad\u00eamico<\/strong><\/p>\n<p>A\u00a0<em>intera\u00e7\u00e3o da Marinha com o universo acad\u00eamico<\/em>\u00a0tamb\u00e9m foi uma quest\u00e3o chave discutida durante o evento. A import\u00e2ncia de compartilhar conhecimentos, experi\u00eancias e vis\u00f5es foi destacada pelo Chefe do Estado-Maior da Armada, Almirante de Esquadra Jos\u00e9 Augusto Vieira da Cunha de Menezes. Para ele, essa troca \u00e9 fundamental para analisar os complexos aspectos relacionados ao compromisso da For\u00e7a Naval com a Defesa e o desenvolvimento do Brasil.<\/p>\n<p><strong>Novos Desafios no Cen\u00e1rio Global de Defesa e Seguran\u00e7a<\/strong><\/p>\n<p>O evento tamb\u00e9m trouxe \u00e0 tona os\u00a0<em>novos desafios<\/em>\u00a0que o cen\u00e1rio global enfrenta na \u00e1rea de Defesa e Seguran\u00e7a. O Embaixador Rubens Barbosa, Presidente do Conselho Superior de Com\u00e9rcio Exterior da FIESP, salientou a mudan\u00e7a total no cen\u00e1rio internacional e o surgimento de uma nova perspectiva global, onde a \u00c1sia poder\u00e1 se tornar o centro das rela\u00e7\u00f5es econ\u00f4micas, pol\u00edticas e sociais nas pr\u00f3ximas d\u00e9cadas. O Vice-Decano Internacional do King\u00b4s College London, Professor Doutor Vinicius Mariano de Carvalho, tamb\u00e9m abordou as perspectivas do Norte e do Sul global, destacando os dom\u00ednios tecnol\u00f3gicos e culturais espec\u00edficos que est\u00e3o em constante evolu\u00e7\u00e3o.<\/p>\n<p><strong>A Transforma\u00e7\u00e3o Cont\u00ednua do Mundo e as Institui\u00e7\u00f5es de Defesa<\/strong><\/p>\n<p>O mundo est\u00e1 em constante transforma\u00e7\u00e3o, e as institui\u00e7\u00f5es de defesa, como salientou o\u00a0<em>Comandante-Geral do Corpo de Fuzileiros Navais<\/em>, Almirante de Esquadra (Fuzileiro Naval) Carlos Chagas Vianna Braga, enfrentam o desafio de planejar olhando para frente em um ambiente de alta incerteza. Assim, \u00e9 essencial aprofundar os estudos para minimizar erros nas decis\u00f5es estrat\u00e9gicas.<\/p>\n<p>Fonte: Defesa em Foco<\/p>\n<\/div>\n","protected":false},"excerpt":{"rendered":"<p>Nos dias 19 e 20 de junho, o\u00a0Centro de Instru\u00e7\u00e3o Almirante Sylvio de Camargo (CIASC)\u00a0foi palco do impactante simp\u00f3sio \u201cDefesa e Seguran\u00e7a Internacional: quest\u00f5es e&#8230;<\/p>\n","protected":false},"author":1527,"featured_media":46047,"comment_status":"closed","ping_status":"closed","sticky":false,"template":"","format":"standard","meta":{"footnotes":""},"categories":[6],"tags":[],"class_list":["post-46046","post","type-post","status-publish","format-standard","has-post-thumbnail","hentry","category-noticias"],"_links":{"self":[{"href":"https:\/\/www.sincomam.org.br\/index.php\/wp-json\/wp\/v2\/posts\/46046","targetHints":{"allow":["GET"]}}],"collection":[{"href":"https:\/\/www.sincomam.org.br\/index.php\/wp-json\/wp\/v2\/posts"}],"about":[{"href":"https:\/\/www.sincomam.org.br\/index.php\/wp-json\/wp\/v2\/types\/post"}],"author":[{"embeddable":true,"href":"https:\/\/www.sincomam.org.br\/index.php\/wp-json\/wp\/v2\/users\/1527"}],"replies":[{"embeddable":true,"href":"https:\/\/www.sincomam.org.br\/index.php\/wp-json\/wp\/v2\/comments?post=46046"}],"version-history":[{"count":1,"href":"https:\/\/www.sincomam.org.br\/index.php\/wp-json\/wp\/v2\/posts\/46046\/revisions"}],"predecessor-version":[{"id":46048,"href":"https:\/\/www.sincomam.org.br\/index.php\/wp-json\/wp\/v2\/posts\/46046\/revisions\/46048"}],"wp:featuredmedia":[{"embeddable":true,"href":"https:\/\/www.sincomam.org.br\/index.php\/wp-json\/wp\/v2\/media\/46047"}],"wp:attachment":[{"href":"https:\/\/www.sincomam.org.br\/index.php\/wp-json\/wp\/v2\/media?parent=46046"}],"wp:term":[{"taxonomy":"category","embeddable":true,"href":"https:\/\/www.sincomam.org.br\/index.php\/wp-json\/wp\/v2\/categories?post=46046"},{"taxonomy":"post_tag","embeddable":true,"href":"https:\/\/www.sincomam.org.br\/index.php\/wp-json\/wp\/v2\/tags?post=46046"}],"curies":[{"name":"wp","href":"https:\/\/api.w.org\/{rel}","templated":true}]}}