{"id":46039,"date":"2023-06-22T10:35:58","date_gmt":"2023-06-22T13:35:58","guid":{"rendered":"http:\/\/www.sincomam.org.br\/?p=46039"},"modified":"2023-06-22T10:35:58","modified_gmt":"2023-06-22T13:35:58","slug":"tres-tripulantes-de-veleiro-que-naufragou-na-regiao-sul-da-bahia-sao-resgatados","status":"publish","type":"post","link":"https:\/\/www.sincomam.org.br\/index.php\/tres-tripulantes-de-veleiro-que-naufragou-na-regiao-sul-da-bahia-sao-resgatados\/","title":{"rendered":"Tr\u00eas tripulantes de veleiro que naufragou na regi\u00e3o sul da Bahia s\u00e3o resgatados"},"content":{"rendered":"<div id=\"chunk-ar138\">\n<div class=\"mc-column content-text active-extra-styles \" data-block-type=\"unstyled\" data-block-weight=\"37\" data-block-id=\"3\">\n<p class=\"content-text__container \" data-track-category=\"Link no Texto\" data-track-links=\"\">Os tr\u00eas tripulantes de um veleiro que naufragou a leste da cidade de\u00a0Ilh\u00e9us, na regi\u00e3o do sul, foram resgatados nesta quarta-feira (21). A Marinha do Brasil informou que os tripulantes est\u00e3o em boas condi\u00e7\u00f5es de sa\u00fade.<\/p>\n<\/div>\n<\/div>\n<div class=\"wall protected-content\">\n<div id=\"chunk-4gurl\">\n<div class=\"mc-column content-text active-extra-styles \" data-block-type=\"unstyled\" data-block-weight=\"39\" data-block-id=\"4\">\n<p class=\"content-text__container \" data-track-category=\"Link no Texto\" data-track-links=\"\">O navio mercante &#8220;DAN SABIA&#8221;, navegava pela regi\u00e3o e alterou o rumo para a \u00e1rea do naufr\u00e1gio. Por volta de 12h48 o resgate foi realizado e o navio seguiu em dire\u00e7\u00e3o a Salvador com os tripulantes a bordo.<\/p>\n<\/div>\n<\/div>\n<div id=\"chunk-4811c\">\n<div class=\"mc-column content-text active-extra-styles \" data-block-type=\"unstyled\" data-block-weight=\"40\" data-block-id=\"5\">\n<p class=\"content-text__container \" data-track-category=\"Link no Texto\" data-track-links=\"\">Inicialmente, a previs\u00e3o era que a embarca\u00e7\u00e3o chegaria entre 22h e 23h desta quarta, mas pela noite a Marinha do Brasil informou que o desembarque s\u00f3 ocorrer\u00e1 na quinta (22), \u00e0s 7h, no cais da Capitania dos Portos da Bahia.<\/p>\n<\/div>\n<\/div>\n<div id=\"chunk-9705g\">\n<div class=\"mc-column content-text active-extra-styles \" data-block-type=\"unstyled\" data-block-weight=\"39\" data-block-id=\"7\">\n<p class=\"content-text__container \" data-track-category=\"Link no Texto\" data-track-links=\"\">A mudan\u00e7a de hor\u00e1rio se deu devido as condi\u00e7\u00f5es adversas de navegabilidade dentro da Bahia de Todos os Santos na noite desta quarta. At\u00e9 o desembarque, os tripulantes do veleiro ficar\u00e3o dentro do navio que fez o resgate.<\/p>\n<\/div>\n<\/div>\n<div id=\"chunk-8p9bo\">\n<div class=\"mc-column content-text active-extra-styles \" data-block-type=\"unstyled\" data-block-weight=\"40\" data-block-id=\"8\">\n<p class=\"content-text__container \" data-track-category=\"Link no Texto\" data-track-links=\"\">Segundo a Marinha do Brasil, as buscas pelas pessoas desaparecidas foram iniciadas nesta quarta, ap\u00f3s o \u00f3rg\u00e3o receber informa\u00e7\u00f5es sobre o naufr\u00e1gio por meio do canal de emerg\u00eancias mar\u00edtimas (185). A embarca\u00e7\u00e3o estava a cerca de 130 km da costa.<\/p>\n<\/div>\n<\/div>\n<div id=\"chunk-8qljn\">\n<div class=\"mc-column content-text active-extra-styles \" data-block-type=\"unstyled\" data-block-weight=\"34\" data-block-id=\"9\">\n<p class=\"content-text__container \" data-track-category=\"Link no Texto\" data-track-links=\"\">O \u00f3rg\u00e3o divulgou um aviso aos navegantes e realizou chamadas pela Rede Nacional de Esta\u00e7\u00f5es Costeiras (RNEC), com o objetivo de alertar e solicitar apoio a todas as embarca\u00e7\u00f5es que navegavam nas \u00e1reas pr\u00f3ximas.<\/p>\n<\/div>\n<\/div>\n<div id=\"chunk-dnfcl\">\n<div class=\"mc-column content-text active-extra-styles \" data-block-type=\"unstyled\" data-block-weight=\"25\" data-block-id=\"10\">\n<p class=\"content-text__container \" data-track-category=\"Link no Texto\" data-track-links=\"\">A Delegacia da Capitania dos Portos em Ilh\u00e9us (Delilheus) e o Salvamar Leste, servi\u00e7o operado pelo comando do 2\u00ba Distrito Naval, ajudaram nas buscas.<\/p>\n<p data-track-category=\"Link no Texto\" data-track-links=\"\">Fonte: G1<\/p>\n<\/div>\n<\/div>\n<\/div>\n","protected":false},"excerpt":{"rendered":"<p>Os tr\u00eas tripulantes de um veleiro que naufragou a leste da cidade de\u00a0Ilh\u00e9us, na regi\u00e3o do sul, foram resgatados nesta quarta-feira (21). A Marinha do&#8230;<\/p>\n","protected":false},"author":1527,"featured_media":46040,"comment_status":"closed","ping_status":"closed","sticky":false,"template":"","format":"standard","meta":{"footnotes":""},"categories":[6],"tags":[],"class_list":["post-46039","post","type-post","status-publish","format-standard","has-post-thumbnail","hentry","category-noticias"],"_links":{"self":[{"href":"https:\/\/www.sincomam.org.br\/index.php\/wp-json\/wp\/v2\/posts\/46039","targetHints":{"allow":["GET"]}}],"collection":[{"href":"https:\/\/www.sincomam.org.br\/index.php\/wp-json\/wp\/v2\/posts"}],"about":[{"href":"https:\/\/www.sincomam.org.br\/index.php\/wp-json\/wp\/v2\/types\/post"}],"author":[{"embeddable":true,"href":"https:\/\/www.sincomam.org.br\/index.php\/wp-json\/wp\/v2\/users\/1527"}],"replies":[{"embeddable":true,"href":"https:\/\/www.sincomam.org.br\/index.php\/wp-json\/wp\/v2\/comments?post=46039"}],"version-history":[{"count":1,"href":"https:\/\/www.sincomam.org.br\/index.php\/wp-json\/wp\/v2\/posts\/46039\/revisions"}],"predecessor-version":[{"id":46041,"href":"https:\/\/www.sincomam.org.br\/index.php\/wp-json\/wp\/v2\/posts\/46039\/revisions\/46041"}],"wp:featuredmedia":[{"embeddable":true,"href":"https:\/\/www.sincomam.org.br\/index.php\/wp-json\/wp\/v2\/media\/46040"}],"wp:attachment":[{"href":"https:\/\/www.sincomam.org.br\/index.php\/wp-json\/wp\/v2\/media?parent=46039"}],"wp:term":[{"taxonomy":"category","embeddable":true,"href":"https:\/\/www.sincomam.org.br\/index.php\/wp-json\/wp\/v2\/categories?post=46039"},{"taxonomy":"post_tag","embeddable":true,"href":"https:\/\/www.sincomam.org.br\/index.php\/wp-json\/wp\/v2\/tags?post=46039"}],"curies":[{"name":"wp","href":"https:\/\/api.w.org\/{rel}","templated":true}]}}