{"id":46006,"date":"2023-06-21T10:28:09","date_gmt":"2023-06-21T13:28:09","guid":{"rendered":"http:\/\/www.sincomam.org.br\/?p=46006"},"modified":"2023-06-21T10:28:09","modified_gmt":"2023-06-21T13:28:09","slug":"submarino-que-sumiu-em-passeio-para-ver-destrocos-do-titanic-o-que-se-sabe-e-o-que-falta-esclarecer","status":"publish","type":"post","link":"https:\/\/www.sincomam.org.br\/index.php\/submarino-que-sumiu-em-passeio-para-ver-destrocos-do-titanic-o-que-se-sabe-e-o-que-falta-esclarecer\/","title":{"rendered":"Submarino que sumiu em passeio para ver destro\u00e7os do Titanic: o que se sabe e o que falta esclarecer"},"content":{"rendered":"<div id=\"chunk-9e8p6\">\n<div class=\"mc-column content-text active-extra-styles \" data-block-type=\"unstyled\" data-block-weight=\"48\" data-block-id=\"4\">\n<p class=\"content-text__container \" data-track-category=\"Link no Texto\" data-track-links=\"\">O intuito era fazer uma expedi\u00e7\u00e3o tur\u00edstica de 10 dias pelo oceano Atl\u00e2ntico para ver os destro\u00e7os do Titanic, que naufragou em 1912. Mas\u00a0o submarino com capacidade para cinco pessoas despareceu\u00a0no domingo (18), pouco depois de come\u00e7ar a descer para chegar ao fundo do mar.<\/p>\n<\/div>\n<\/div>\n<div class=\"wall protected-content\">\n<div class=\"mc-column content-text active-extra-styles\" data-block-type=\"raw\" data-block-weight=\"9\" data-block-id=\"5\">\n<p>Abaixo, veja o que se sabe e o que falta esclarecer sobre o caso:<\/p>\n<\/div>\n<div class=\"mc-column content-text active-extra-styles\" data-block-type=\"raw\" data-block-weight=\"3\" data-block-id=\"7\">\n<p class=\"content-text__container\"><strong>O que aconteceu?<\/strong><\/p>\n<p>Um submarino de turismo desapareceu no Oceano Atl\u00e2ntico pouco depois de come\u00e7ar a descer at\u00e9 o fundo do mar. O submarino foi levado at\u00e9 o local em uma grande embarca\u00e7\u00e3o que saiu de Newfoundland, no Canad\u00e1. Como o modelo n\u00e3o \u00e9 aut\u00f4nomo, igual um submarino de grande porte, ele precisou ser carregado na superf\u00edcie do mar por 643 km at\u00e9 a regi\u00e3o de mergulho.<\/p>\n<p><strong>Qual era o objetivo do passeio?<\/strong><\/p>\n<\/div>\n<div class=\"mc-column content-text active-extra-styles\" data-block-type=\"raw\" data-block-weight=\"6\" data-block-id=\"10\">\n<p>Fazer uma expedi\u00e7\u00e3o pelos destro\u00e7os do Titanic, navio que naufragou em 1912.<\/p>\n<\/div>\n<div class=\"mc-column content-text active-extra-styles\" data-block-type=\"raw\" data-block-weight=\"6\" data-block-id=\"12\">\n<p class=\"content-text__container\"><strong>Qual \u00e9 o modelo do submarino?<\/strong><\/p>\n<p>A embarca\u00e7\u00e3o, que tem 6,5 metros de comprimento por 3 metros de largura, chama-se Titan. Este tipo de submarino pode levar at\u00e9 cinco passageiros.<\/p>\n<\/div>\n<div class=\"mc-column content-text active-extra-styles\" data-block-type=\"raw\" data-block-weight=\"2\" data-block-id=\"14\">\n<p class=\"content-text__container\"><strong>Quando aconteceu?<\/strong><\/p>\n<p>No domingo (18), o submarino come\u00e7ou a descer ao fundo do mar, mas desapareceu pouco depois. O trajeto at\u00e9 o fundo do mar deveria levar duas horas, e a embarca\u00e7\u00e3o parou de se comunicar depois de uma hora e 45 minutos de descida.<\/p>\n<\/div>\n<div class=\"mc-column content-text active-extra-styles\" data-block-type=\"raw\" data-block-weight=\"7\" data-block-id=\"16\">\n<p class=\"content-text__container\"><strong>Quem oferece o passeio e quanto custa?<\/strong><\/p>\n<p>A Expedi\u00e7\u00e3o Titanic \u00e9 uma viagem oferecida pela empresa OceanGate. O passeio para ver os destro\u00e7os do Titanic custa US$ 250 mil (R$ 1,19 milh\u00e3o) por pessoa.<\/p>\n<\/div>\n<div class=\"mc-column content-text active-extra-styles\" data-block-type=\"raw\" data-block-weight=\"4\" data-block-id=\"18\">\n<p class=\"content-text__container\"><strong>Quem est\u00e1 a bordo?<\/strong><\/p>\n<p>H\u00e1 um piloto e quatro passageiros a bordo. Os nomes confirmados s\u00e3o:<\/p>\n<\/div>\n<div class=\"mc-column content-text active-extra-styles\" data-block-type=\"raw\" data-block-weight=\"39\" data-block-id=\"20\">\n<ul class=\"content-unordered-list\">\n<li>Stockton Rush, diretor-executivo da OceanGate e piloto do submarino;<\/li>\n<li>Shahzada Dawood, empres\u00e1rio paquistan\u00eas;<\/li>\n<li>Suleman Dawood, que \u00e9 filho de Shahzada;<\/li>\n<li>Hamish Harding, bilion\u00e1rio e explorador brit\u00e2nico;<\/li>\n<li>Paul-Henry Nargeolet, ex-comandante da Marinha Francesa e principal especialista no naufr\u00e1gio do Titanic.<\/li>\n<\/ul>\n<p><strong>O que pode ter causado o problema com o submarino?<\/strong><\/p>\n<\/div>\n<div class=\"mc-column content-text active-extra-styles\" data-block-type=\"raw\" data-block-weight=\"10\" data-block-id=\"21\">\n<p>Eric Fusil, um professor associado e diretor do centro de constru\u00e7\u00e3o naval da Universidade de Adelaide, na Austr\u00e1lia, descreveu algumas possibilidades:<\/p>\n<\/div>\n<div id=\"chunk-c7dlf\">\n<div class=\"content-ads content-ads--reveal\" data-block-type=\"ads\" data-block-id=\"23\">\n<div id=\"banner_materia__44bc2bbe-1527-4d87-a586-1b7e6b3cac16\" class=\"tag-manager-publicidade-container mc-has-reveal mc-has-ad-lazyload tag-manager-publicidade-banner_materia__44bc2bbe-1527-4d87-a586-1b7e6b3cac16 tag-manager-publicidade-container--carregado tag-manager-publicidade-container--visivel\" data-id=\"banner_materia__44bc2bbe-1527-4d87-a586-1b7e6b3cac16\" data-google-query-id=\"CMrxiPK61P8CFZ45uQYdwr0DGQ\">\n<div class=\"mc-column content-text active-extra-styles\" data-block-type=\"raw\" data-block-weight=\"49\" data-block-id=\"24\">\n<ul class=\"content-unordered-list\">\n<li>Um inc\u00eandio poderia incapacitar os sistemas da embarca\u00e7\u00e3o ou criar fuma\u00e7a t\u00f3xica que poderia deixar a tripula\u00e7\u00e3o inconsciente.<\/li>\n<li>Pode ter havido tamb\u00e9m uma inunda\u00e7\u00e3o, que resultaria em uma implos\u00e3o quase instant\u00e2nea.<\/li>\n<li>O cen\u00e1rio mais otimista seria uma perda de energia; isso ainda permitiria que a embarca\u00e7\u00e3o voltasse \u00e0 superf\u00edcie<\/li>\n<\/ul>\n<p><strong>O que pode ter acontecido com o submarino?<\/strong><\/p>\n<\/div>\n<div class=\"mc-column content-text active-extra-styles\" data-block-type=\"raw\" data-block-weight=\"8\" data-block-id=\"25\">\n<p>Sabe-se que a embarca\u00e7\u00e3o est\u00e1 com problemas porque a comunica\u00e7\u00e3o foi interrompida, mas n\u00e3o \u00e9 poss\u00edvel dizer com precis\u00e3o o que aconteceu.<\/p>\n<\/div>\n<div id=\"chunk-chf9l\">\n<div class=\"mc-column content-text active-extra-styles \" data-block-type=\"unstyled\" data-block-weight=\"30\" data-block-id=\"27\">\n<p class=\"content-text__container \" data-track-category=\"Link no Texto\" data-track-links=\"\">Especialistas, no entanto, t\u00eam suas teorias. O submarino pode estar no fundo do oceano, pode estar flutuando na superf\u00edcie ou pode ter implodido com a press\u00e3o da coluna de \u00e1gua.<\/p>\n<\/div>\n<\/div>\n<div class=\"mc-column content-text active-extra-styles\" data-block-type=\"raw\" data-block-weight=\"4\" data-block-id=\"28\">\n<p class=\"content-text__container\"><strong>Como est\u00e1 a busca?<\/strong><\/p>\n<p>A opera\u00e7\u00e3o de busca est\u00e1 sendo feita em conjunto pelas For\u00e7as A\u00e9reas dos Estados Unidos e do Canad\u00e1. Nesta ter\u00e7a-feira (20), as equipes anunciaram que v\u00e3o ampliar a \u00e1rea de busca.<\/p>\n<\/div>\n<div id=\"chunk-f2pth\">\n<div class=\"mc-column content-text active-extra-styles \" data-block-type=\"unstyled\" data-block-weight=\"47\" data-block-id=\"30\">\n<p class=\"content-text__container \" data-track-category=\"Link no Texto\" data-track-links=\"\">John Maugerda, contra-almirante da Guarda Costeira dos EUA, disse em entrevista que ser\u00e1 preciso buscar em uma profundidade ainda maior que a da \u00e1rea atualmente buscada pelas sondas. Al\u00e9m das sondas, os EUA e o Canad\u00e1 enviaram avi\u00f5es e navios para a regi\u00e3o onde o submarino desapareceu.<\/p>\n<\/div>\n<\/div>\n<div id=\"chunk-1homq\">\n<div class=\"mc-column content-text active-extra-styles \" data-block-type=\"unstyled\" data-block-weight=\"14\" data-block-id=\"31\">\n<p class=\"content-text__container \" data-track-category=\"Link no Texto\" data-track-links=\"\">Ag\u00eancias governamentais e empresas comerciais especializadas em \u00e1guas profundas tamb\u00e9m est\u00e3o ajudando na opera\u00e7\u00e3o.<\/p>\n<p class=\"content-text__container \" data-track-category=\"Link no Texto\" data-track-links=\"\"><strong>H\u00e1 alguma pista sobre o paradeiro do submarino?<\/strong><\/p>\n<\/div>\n<\/div>\n<div id=\"chunk-572jk\">\n<div class=\"content-ads content-ads--reveal\" data-block-type=\"ads\" data-block-id=\"32\">\n<div id=\"banner_materia__2ed37e52-ea38-44cd-be7e-e59b66389915\" class=\"tag-manager-publicidade-container mc-has-reveal mc-has-ad-lazyload tag-manager-publicidade-banner_materia__2ed37e52-ea38-44cd-be7e-e59b66389915 tag-manager-publicidade-container--carregado tag-manager-publicidade-container--visivel\" data-id=\"banner_materia__2ed37e52-ea38-44cd-be7e-e59b66389915\" data-google-query-id=\"CMuNrvK61P8CFZgruQYdjtoD3A\">\n<div class=\"mc-column content-text active-extra-styles\" data-block-type=\"raw\" data-block-weight=\"8\" data-block-id=\"33\">\n<p>Ru\u00eddos subaqu\u00e1ticos foram captados\u00a0durante as buscas, segundo a Guarda Costeira dos Estados Unidos. Ainda n\u00e3o h\u00e1 informa\u00e7\u00f5es sobre a data em que os sons foram ouvidos.<\/p>\n<\/div>\n<div id=\"chunk-5ranf\">\n<div class=\"mc-column content-text active-extra-styles \" data-block-type=\"unstyled\" data-block-weight=\"18\" data-block-id=\"35\">\n<p class=\"content-text__container \" data-track-category=\"Link no Texto\" data-track-links=\"\">De acordo com as autoridades, os sons subaqu\u00e1ticos foram captados por uma aeronave canadense na regi\u00e3o de procura.<\/p>\n<\/div>\n<\/div>\n<div class=\"mc-column content-text active-extra-styles\" data-block-type=\"raw\" data-block-weight=\"6\" data-block-id=\"36\">\n<p class=\"content-text__container\"><strong>Quanto tempo o oxig\u00eanio deve durar?<\/strong><\/p>\n<p>Os membros da tripula\u00e7\u00e3o t\u00eam oxig\u00eanio dispon\u00edvel para ficar cerca de quatro dias embaixo d\u2019\u00e1gua \u2014 o que acaba nesta quinta-feira (22).<\/p>\n<\/div>\n<div class=\"mc-column content-text active-extra-styles\" data-block-type=\"raw\" data-block-weight=\"6\" data-block-id=\"38\">\n<p class=\"content-text__container\"><strong>Onde e quando o Titanic desapareceu?<\/strong><\/p>\n<p>No oceano Atl\u00e2ntico. O famoso navio naufragou em 1912, na viagem inaugural, depois de se chocar contra um iceberg. Mais de 1,5 mil pessoas morreram. Os destro\u00e7os foram encontrados em 1985 a 3,8 mil metros de profundidade.<\/p>\n<\/div>\n<p>Fonte: G1<\/p>\n<\/div>\n<\/div>\n<\/div>\n<\/div>\n<\/div>\n<\/div>\n<\/div>\n","protected":false},"excerpt":{"rendered":"<p>O intuito era fazer uma expedi\u00e7\u00e3o tur\u00edstica de 10 dias pelo oceano Atl\u00e2ntico para ver os destro\u00e7os do Titanic, que naufragou em 1912. Mas\u00a0o submarino&#8230;<\/p>\n","protected":false},"author":1527,"featured_media":46008,"comment_status":"closed","ping_status":"closed","sticky":false,"template":"","format":"standard","meta":{"footnotes":""},"categories":[6],"tags":[],"class_list":["post-46006","post","type-post","status-publish","format-standard","has-post-thumbnail","hentry","category-noticias"],"_links":{"self":[{"href":"https:\/\/www.sincomam.org.br\/index.php\/wp-json\/wp\/v2\/posts\/46006","targetHints":{"allow":["GET"]}}],"collection":[{"href":"https:\/\/www.sincomam.org.br\/index.php\/wp-json\/wp\/v2\/posts"}],"about":[{"href":"https:\/\/www.sincomam.org.br\/index.php\/wp-json\/wp\/v2\/types\/post"}],"author":[{"embeddable":true,"href":"https:\/\/www.sincomam.org.br\/index.php\/wp-json\/wp\/v2\/users\/1527"}],"replies":[{"embeddable":true,"href":"https:\/\/www.sincomam.org.br\/index.php\/wp-json\/wp\/v2\/comments?post=46006"}],"version-history":[{"count":1,"href":"https:\/\/www.sincomam.org.br\/index.php\/wp-json\/wp\/v2\/posts\/46006\/revisions"}],"predecessor-version":[{"id":46009,"href":"https:\/\/www.sincomam.org.br\/index.php\/wp-json\/wp\/v2\/posts\/46006\/revisions\/46009"}],"wp:featuredmedia":[{"embeddable":true,"href":"https:\/\/www.sincomam.org.br\/index.php\/wp-json\/wp\/v2\/media\/46008"}],"wp:attachment":[{"href":"https:\/\/www.sincomam.org.br\/index.php\/wp-json\/wp\/v2\/media?parent=46006"}],"wp:term":[{"taxonomy":"category","embeddable":true,"href":"https:\/\/www.sincomam.org.br\/index.php\/wp-json\/wp\/v2\/categories?post=46006"},{"taxonomy":"post_tag","embeddable":true,"href":"https:\/\/www.sincomam.org.br\/index.php\/wp-json\/wp\/v2\/tags?post=46006"}],"curies":[{"name":"wp","href":"https:\/\/api.w.org\/{rel}","templated":true}]}}