{"id":46000,"date":"2023-06-21T09:42:57","date_gmt":"2023-06-21T12:42:57","guid":{"rendered":"http:\/\/www.sincomam.org.br\/?p=46000"},"modified":"2023-06-21T09:42:57","modified_gmt":"2023-06-21T12:42:57","slug":"antaq-e-giz-assinarao-memorando-de-entendimento-para-fomentar-iniciativas-sustentaveis","status":"publish","type":"post","link":"https:\/\/www.sincomam.org.br\/index.php\/antaq-e-giz-assinarao-memorando-de-entendimento-para-fomentar-iniciativas-sustentaveis\/","title":{"rendered":"ANTAQ E GIZ ASSINAR\u00c3O MEMORANDO DE ENTENDIMENTO PARA FOMENTAR INICIATIVAS SUSTENT\u00c1VEIS"},"content":{"rendered":"<p>A Ag\u00eancia Nacional de Transportes Aquavi\u00e1rios (ANTAQ) e a GIZ (Deutsche Gesellschaft f\u00fcr Internationale Zusammenarbeit) assinar\u00e3o um Memorando de Entendimento (MoU) para coopera\u00e7\u00e3o em programas nacionais e internacionais relacionados \u00e0 sustentabilidade e a novas fontes energ\u00e9ticas verdes.<\/p>\n<p>O documento ser\u00e1 assinado pelo diretor-geral da ANTAQ e o diretor nacional da GIZ logo ap\u00f3s a Reuni\u00e3o Extraordin\u00e1ria de Diretoria (RED), nesta ter\u00e7a-feira (21), que tratar\u00e1 da an\u00e1lise da \u00faltima etapa do estudo sobre os \u201cImpactos e Riscos da Mudan\u00e7a do Clima nos Portos P\u00fablicos\u201d. O trabalho comp\u00f5e a s\u00e9rie de planejamentos da ANTAQ de a\u00e7\u00f5es voltadas \u00e0 sustentabilidade e faz parte da Agenda Ambiental 2023-2024 da Ag\u00eancia<\/p>\n<p>Nesta \u00faltima etapa do estudo ser\u00e1 aprovado o guia metodol\u00f3gico com todos as diretrizes usadas pela ANTAQ e GIZ usados para realiza\u00e7\u00e3o dos estudos de caso dos tr\u00eas Portos Organizados. O objetivo \u00e9 possibilitar aos interessados a realiza\u00e7\u00e3o das suas pr\u00f3prias an\u00e1lises de impacto clim\u00e1tico e o desenvolvimento de estrat\u00e9gias para mitig\u00e1-los.<\/p>\n<p>O MoU tem como objetivo fomentar a coopera\u00e7\u00e3o cont\u00ednua em \u00e1reas importantes de interesse m\u00fatuo relacionadas a produ\u00e7\u00e3o de hidrog\u00eanio verde, medidas sustent\u00e1veis nos portos, adapta\u00e7\u00e3o \u00e0s mudan\u00e7as clim\u00e1ticas na perspectiva das rela\u00e7\u00f5es PortoCidade, descarboniza\u00e7\u00e3o e novas fontes energ\u00e9ticas.<\/p>\n<p>Todas as a\u00e7\u00f5es s\u00e3o integradas no \u00e2mbito dos projetos Apoio ao Brasil na Implementa\u00e7\u00e3o Efetiva da Aggenda Nacional de Adapta\u00e7\u00e3o \u00e0 Mudan\u00e7a Clim\u00e1tica \u2013 PROADAPTA \u2018Programa Pol\u00edticas Sobre Mudan\u00e7a do Clima \u2013 POMUC\u2019 Prote\u00e7\u00e3o e Gest\u00e3o Integrada da Biodiversidade Costeira e Marinha \u2013 TERRAMAR\u2019 e \u2018International Hydrogen RamP-Up Programme \u2013 H2UPPP.<\/p>\n<p>Ser\u00e1 poss\u00edvel acompanhar a RED e a assinatura do Memorando in Loco ou pelo\u00a0<a class=\"external-link\" title=\"\" href=\"https:\/\/www.youtube.com\/@CanalANTAQ\" target=\"_blank\" rel=\"noopener\" data-tippreview-enabled=\"false\" data-tippreview-image=\"\" data-tippreview-title=\"\">Canal da ANTAQ do YouTube<\/a>\u00a0.<\/p>\n<p><strong>Protocolo de Inten\u00e7\u00f5es<\/strong><\/p>\n<p>Tamb\u00e9m ser\u00e1 assinado um Protocolo de Inten\u00e7\u00f5es entre ANTAQ, Associa\u00e7\u00e3o Brasileira das Entidades Portu\u00e1rias e Hidrovi\u00e1rias (ABEPH), Associa\u00e7\u00e3o Brasileira dos Terminais Portu\u00e1rios (ABTP) e Associa\u00e7\u00e3o de Terminais Portu\u00e1rios Privados (ATP).<\/p>\n<p>O objetivo do documento \u00e9 promover interc\u00e2mbio de informa\u00e7\u00f5es e a\u00e7\u00f5es anuais conjuntas para o desenvolvimento de projetos, de a\u00e7\u00f5es e de boas pr\u00e1ticas entre empresas e entidades, \u00e1rea acad\u00eamica e \u00f3rg\u00e3os p\u00fablicos do setor portu\u00e1rio do Brasil. Entre os temas est\u00e3o: governan\u00e7a; gest\u00e3o de qualidade; gest\u00e3o ambiental; gest\u00e3o de sa\u00fade e seguran\u00e7a do trabalho; responsabilidade social; opera\u00e7\u00f5es portu\u00e1rias; pesquisa desenvolvimento e inova\u00e7\u00e3o e objetivos do desenvolvimento sustent\u00e1vel e ESG.<\/p>\n<p><b>SERVI\u00c7O<\/b><\/p>\n<p>Assinatura do Protocolo de Inten\u00e7\u00f5es e Memorando de entendimento com GIZ e, ABEPH, ABTP e ATP<\/p>\n<p><b>DATA\u00a0<\/b>21 de Junho<\/p>\n<p><b>HOR\u00c1RIO\u00a0<\/b>15h<\/p>\n<p><b>LOCAL<\/b>\u00a0Edif\u00edcio Sede da ANTAQ \u2013 SEPN Quadra 514, Conjunto E \u2013 Bras\u00edlia\/DF<\/p>\n<p>Fonte: Informativo dos Portos<\/p>\n","protected":false},"excerpt":{"rendered":"<p>A Ag\u00eancia Nacional de Transportes Aquavi\u00e1rios (ANTAQ) e a GIZ (Deutsche Gesellschaft f\u00fcr Internationale Zusammenarbeit) assinar\u00e3o um Memorando de Entendimento (MoU) para coopera\u00e7\u00e3o em programas&#8230;<\/p>\n","protected":false},"author":1527,"featured_media":46001,"comment_status":"closed","ping_status":"closed","sticky":false,"template":"","format":"standard","meta":{"footnotes":""},"categories":[6],"tags":[],"class_list":["post-46000","post","type-post","status-publish","format-standard","has-post-thumbnail","hentry","category-noticias"],"_links":{"self":[{"href":"https:\/\/www.sincomam.org.br\/index.php\/wp-json\/wp\/v2\/posts\/46000","targetHints":{"allow":["GET"]}}],"collection":[{"href":"https:\/\/www.sincomam.org.br\/index.php\/wp-json\/wp\/v2\/posts"}],"about":[{"href":"https:\/\/www.sincomam.org.br\/index.php\/wp-json\/wp\/v2\/types\/post"}],"author":[{"embeddable":true,"href":"https:\/\/www.sincomam.org.br\/index.php\/wp-json\/wp\/v2\/users\/1527"}],"replies":[{"embeddable":true,"href":"https:\/\/www.sincomam.org.br\/index.php\/wp-json\/wp\/v2\/comments?post=46000"}],"version-history":[{"count":1,"href":"https:\/\/www.sincomam.org.br\/index.php\/wp-json\/wp\/v2\/posts\/46000\/revisions"}],"predecessor-version":[{"id":46002,"href":"https:\/\/www.sincomam.org.br\/index.php\/wp-json\/wp\/v2\/posts\/46000\/revisions\/46002"}],"wp:featuredmedia":[{"embeddable":true,"href":"https:\/\/www.sincomam.org.br\/index.php\/wp-json\/wp\/v2\/media\/46001"}],"wp:attachment":[{"href":"https:\/\/www.sincomam.org.br\/index.php\/wp-json\/wp\/v2\/media?parent=46000"}],"wp:term":[{"taxonomy":"category","embeddable":true,"href":"https:\/\/www.sincomam.org.br\/index.php\/wp-json\/wp\/v2\/categories?post=46000"},{"taxonomy":"post_tag","embeddable":true,"href":"https:\/\/www.sincomam.org.br\/index.php\/wp-json\/wp\/v2\/tags?post=46000"}],"curies":[{"name":"wp","href":"https:\/\/api.w.org\/{rel}","templated":true}]}}