{"id":45992,"date":"2023-06-20T09:15:44","date_gmt":"2023-06-20T12:15:44","guid":{"rendered":"http:\/\/www.sincomam.org.br\/?p=45992"},"modified":"2023-06-20T09:16:26","modified_gmt":"2023-06-20T12:16:26","slug":"45992","status":"publish","type":"post","link":"https:\/\/www.sincomam.org.br\/index.php\/45992\/","title":{"rendered":"ONU adota primeiro tratado para proteger biodiversidade mar\u00edtima"},"content":{"rendered":"<p>A Organiza\u00e7\u00e3o das Na\u00e7\u00f5es Unidas (ONU) adotou o primeiro tratado do mundo para proteger o alto mar e preservar a biodiversidade marinha em \u00e1guas internacionais, um marco ap\u00f3s quase 20 anos de esfor\u00e7os, anunciou o secret\u00e1rio-geral da ONU, Ant\u00f3nio Guterres, nesta segunda-feira (19).<\/p>\n<p>A ado\u00e7\u00e3o ocorreu ap\u00f3s um acordo alcan\u00e7ado em mar\u00e7o por mais de 100 pa\u00edses sobre o texto do Tratado dos Altos Mares, tamb\u00e9m conhecido como tratado de Biodiversidade Al\u00e9m da Jurisdi\u00e7\u00e3o Nacional, ap\u00f3s mais de 15 anos de discuss\u00f5es e cinco rodadas de negocia\u00e7\u00f5es lideradas pela ONU.<\/p>\n<p>Ao aprovar o texto, os Estados-membros &#8220;injetaram nova vida e esperan\u00e7a para dar ao oceano uma chance de lutar&#8221;, disse Guterres em um comunicado.<\/p>\n<p>O acordo estar\u00e1 aberto para assinatura em Nova York por dois anos a partir de 20 de setembro, dia seguinte \u00e0 c\u00fapula sobre as metas de desenvolvimento sustent\u00e1vel da ONU.<\/p>\n<p>O tratado entrar\u00e1 em vigor depois que 60 pa\u00edses ratificarem o documento, de acordo com a ONU. O pacto \u00e9 um elemento importante nos esfor\u00e7os para colocar 30% das terras e mares do mundo sob prote\u00e7\u00e3o ambiental at\u00e9 2030, uma meta estabelecida em dezembro.<\/p>\n<p>Entre outras disposi\u00e7\u00f5es, o acordo juridicamente vinculativo regeria o compartilhamento dos benef\u00edcios derivados de recursos gen\u00e9ticos marinhos para al\u00e9m das jurisdi\u00e7\u00f5es nacionais, criando \u00e1reas protegidas em alto mar e estabelecendo um quadro para avaliar danos ambientais.<\/p>\n<p>Fonte: Ag\u00eancia Brasil<\/p>\n<p>&nbsp;<\/p>\n","protected":false},"excerpt":{"rendered":"<p>A Organiza\u00e7\u00e3o das Na\u00e7\u00f5es Unidas (ONU) adotou o primeiro tratado do mundo para proteger o alto mar e preservar a biodiversidade marinha em \u00e1guas internacionais,&#8230;<\/p>\n","protected":false},"author":1527,"featured_media":45993,"comment_status":"closed","ping_status":"closed","sticky":false,"template":"","format":"standard","meta":{"footnotes":""},"categories":[6],"tags":[],"class_list":["post-45992","post","type-post","status-publish","format-standard","has-post-thumbnail","hentry","category-noticias"],"_links":{"self":[{"href":"https:\/\/www.sincomam.org.br\/index.php\/wp-json\/wp\/v2\/posts\/45992","targetHints":{"allow":["GET"]}}],"collection":[{"href":"https:\/\/www.sincomam.org.br\/index.php\/wp-json\/wp\/v2\/posts"}],"about":[{"href":"https:\/\/www.sincomam.org.br\/index.php\/wp-json\/wp\/v2\/types\/post"}],"author":[{"embeddable":true,"href":"https:\/\/www.sincomam.org.br\/index.php\/wp-json\/wp\/v2\/users\/1527"}],"replies":[{"embeddable":true,"href":"https:\/\/www.sincomam.org.br\/index.php\/wp-json\/wp\/v2\/comments?post=45992"}],"version-history":[{"count":2,"href":"https:\/\/www.sincomam.org.br\/index.php\/wp-json\/wp\/v2\/posts\/45992\/revisions"}],"predecessor-version":[{"id":45995,"href":"https:\/\/www.sincomam.org.br\/index.php\/wp-json\/wp\/v2\/posts\/45992\/revisions\/45995"}],"wp:featuredmedia":[{"embeddable":true,"href":"https:\/\/www.sincomam.org.br\/index.php\/wp-json\/wp\/v2\/media\/45993"}],"wp:attachment":[{"href":"https:\/\/www.sincomam.org.br\/index.php\/wp-json\/wp\/v2\/media?parent=45992"}],"wp:term":[{"taxonomy":"category","embeddable":true,"href":"https:\/\/www.sincomam.org.br\/index.php\/wp-json\/wp\/v2\/categories?post=45992"},{"taxonomy":"post_tag","embeddable":true,"href":"https:\/\/www.sincomam.org.br\/index.php\/wp-json\/wp\/v2\/tags?post=45992"}],"curies":[{"name":"wp","href":"https:\/\/api.w.org\/{rel}","templated":true}]}}