{"id":45989,"date":"2023-06-20T09:11:50","date_gmt":"2023-06-20T12:11:50","guid":{"rendered":"http:\/\/www.sincomam.org.br\/?p=45989"},"modified":"2023-06-20T09:11:50","modified_gmt":"2023-06-20T12:11:50","slug":"porto-de-suape-e-pecem-entram-na-rota-dos-investimentos-internacionais-para-energia-limpa-atraves-da-producao-de-hidrogenio-verde","status":"publish","type":"post","link":"https:\/\/www.sincomam.org.br\/index.php\/porto-de-suape-e-pecem-entram-na-rota-dos-investimentos-internacionais-para-energia-limpa-atraves-da-producao-de-hidrogenio-verde\/","title":{"rendered":"Porto de Suape e Pec\u00e9m entram na rota dos investimentos internacionais para energia limpa atrav\u00e9s da produ\u00e7\u00e3o de hidrog\u00eanio verde"},"content":{"rendered":"<p>A presidente da Comiss\u00e3o Europeia, Ursula von der Leyen, anunciou que o Porto de Suape (PE) e o Porto de Pec\u00e9m (CE) est\u00e3o sendo considerados para receber investimentos estrangeiros no valor de R$ 10 bilh\u00f5es para a produ\u00e7\u00e3o de hidrog\u00eanio verde (H2V). Essa not\u00edcia representa uma oportunidade para os dois portos nordestinos se envolverem na coopera\u00e7\u00e3o internacional nesse importante campo,\u00a0de acordo com o site Economic News Brasil.<\/p>\n<p>O senador Fernando Dueire (MDB-PE) est\u00e1 trabalhando em conjunto com o ministro das Rela\u00e7\u00f5es Exteriores, Mauro Vieira, para garantir a inclus\u00e3o do Porto de Suape e Pec\u00e9m na agenda de coopera\u00e7\u00e3o internacional sobre o tema. Recentemente, eles se reuniram para discutir os pr\u00f3ximos passos desse processo.<\/p>\n<p>O interesse e a necessidade de investimentos internacionais no tema no Porto de Suape e Pec\u00e9m n\u00e3o s\u00e3o coincid\u00eancia. O hidrog\u00eanio \u00e9 amplamente considerado por especialistas e pesquisadores como o combust\u00edvel do futuro, especialmente em sua forma sustent\u00e1vel. \u00c9 importante\u00a0destacar que o Brasil\u00a0ocupa a posi\u00e7\u00e3o de terceiro maior produtor de energia renov\u00e1vel globalmente, ficando atr\u00e1s apenas dos Estados Unidos e da China. Logo, o investimento no Porto de Suape e Pec\u00e9m seria um ponto mais que positivo para o Brasil.<\/p>\n<h2 id=\"h-a-utilizacao-de-combustiveis-renovaveis\" class=\"wp-block-heading\">A utiliza\u00e7\u00e3o de combust\u00edveis renov\u00e1veis<\/h2>\n<p>A crescente demanda por fontes de energia limpa e renov\u00e1vel tem impulsionado o desenvolvimento e a utiliza\u00e7\u00e3o do hidrog\u00eanio como uma alternativa promissora. Sua versatilidade, capacidade de armazenamento e potencial para produ\u00e7\u00e3o de energia sem emiss\u00f5es de carbono t\u00eam despertado o interesse de diversos setores da ind\u00fastria, incluindo transportes, gera\u00e7\u00e3o de eletricidade e ind\u00fastria qu\u00edmica.<\/p>\n<div id=\"quads-ad2\" class=\"quads-location quads-ad2\">\n<div id=\"denakop-ad-square-1\">Com uma matriz energ\u00e9tica diversificada e rica em recursos naturais, o Brasil tem um papel fundamental a desempenhar na transi\u00e7\u00e3o\u00a0para uma economia mais sustent\u00e1vel. O pa\u00eds possui um potencial significativo para a produ\u00e7\u00e3o e exporta\u00e7\u00e3o de hidrog\u00eanio verde, aproveitando seus recursos renov\u00e1veis, como a energia solar e e\u00f3lica, al\u00e9m de contar com um vasto conhecimento e expertise na produ\u00e7\u00e3o de biocombust\u00edveis.<\/div>\n<\/div>\n<p>Com a possibilidade de investimentos no setor de hidrog\u00eanio verde no Porto de Suape e Pec\u00e9m, o Brasil tem a oportunidade de fortalecer ainda mais sua posi\u00e7\u00e3o como l\u00edder na produ\u00e7\u00e3o de energia renov\u00e1vel e impulsionar o desenvolvimento sustent\u00e1vel do pa\u00eds.<\/p>\n<h2 id=\"h-a-regiao-nordeste-e-sua-importancia-para-a-producao-de-hidrogenio-verde\" class=\"wp-block-heading\">A regi\u00e3o nordeste e sua import\u00e2ncia para a produ\u00e7\u00e3o de hidrog\u00eanio verde<\/h2>\n<p>A regi\u00e3o Nordeste do Brasil est\u00e1 concentrando um grande interesse em rela\u00e7\u00e3o ao hidrog\u00eanio verde (H2V). A regi\u00e3o busca se estabelecer como um polo produtor devido ao seu alto potencial para gera\u00e7\u00e3o de energia solar e e\u00f3lica, al\u00e9m da localiza\u00e7\u00e3o estrat\u00e9gica do Porto de Suape e Pec\u00e9m em rela\u00e7\u00e3o ao mercado europeu.<\/p>\n<p>O senador Dueire, membro da Comiss\u00e3o Especial do Hidrog\u00eanio Verde do Senado Federal, continua avan\u00e7ando em seu trabalho nessa \u00e1rea. Ele tem uma nova audi\u00eancia marcada com o Secret\u00e1rio de\u00a0<strong>Energia, Clima\u00a0<\/strong>e Meio Ambiente do Minist\u00e9rio, Andr\u00e9 Corr\u00eaa do Lago, para discutir as pr\u00f3ximas etapas e iniciativas relacionadas ao hidrog\u00eanio verde no Porto de Suape e Pec\u00e9m.<\/p>\n<p>De acordo com Dueire: \u201cUnir os investimentos da Comunidade Europeia com o trabalho que estamos fazendo na comiss\u00e3o para regulamentar e incentivar a produ\u00e7\u00e3o dessa energia no Pa\u00eds vai ser determinante para o setor. E ter o Minist\u00e9rio das Rela\u00e7\u00f5es Exteriores como parceiro nesse trabalho conjunto \u00e9 muito importante\u201d.<\/p>\n<p>Fonte: Click Petr\u00f3leo e G\u00e1s<\/p>\n","protected":false},"excerpt":{"rendered":"<p>A presidente da Comiss\u00e3o Europeia, Ursula von der Leyen, anunciou que o Porto de Suape (PE) e o Porto de Pec\u00e9m (CE) est\u00e3o sendo considerados&#8230;<\/p>\n","protected":false},"author":1527,"featured_media":45990,"comment_status":"closed","ping_status":"closed","sticky":false,"template":"","format":"standard","meta":{"footnotes":""},"categories":[6],"tags":[],"class_list":["post-45989","post","type-post","status-publish","format-standard","has-post-thumbnail","hentry","category-noticias"],"_links":{"self":[{"href":"https:\/\/www.sincomam.org.br\/index.php\/wp-json\/wp\/v2\/posts\/45989","targetHints":{"allow":["GET"]}}],"collection":[{"href":"https:\/\/www.sincomam.org.br\/index.php\/wp-json\/wp\/v2\/posts"}],"about":[{"href":"https:\/\/www.sincomam.org.br\/index.php\/wp-json\/wp\/v2\/types\/post"}],"author":[{"embeddable":true,"href":"https:\/\/www.sincomam.org.br\/index.php\/wp-json\/wp\/v2\/users\/1527"}],"replies":[{"embeddable":true,"href":"https:\/\/www.sincomam.org.br\/index.php\/wp-json\/wp\/v2\/comments?post=45989"}],"version-history":[{"count":1,"href":"https:\/\/www.sincomam.org.br\/index.php\/wp-json\/wp\/v2\/posts\/45989\/revisions"}],"predecessor-version":[{"id":45991,"href":"https:\/\/www.sincomam.org.br\/index.php\/wp-json\/wp\/v2\/posts\/45989\/revisions\/45991"}],"wp:featuredmedia":[{"embeddable":true,"href":"https:\/\/www.sincomam.org.br\/index.php\/wp-json\/wp\/v2\/media\/45990"}],"wp:attachment":[{"href":"https:\/\/www.sincomam.org.br\/index.php\/wp-json\/wp\/v2\/media?parent=45989"}],"wp:term":[{"taxonomy":"category","embeddable":true,"href":"https:\/\/www.sincomam.org.br\/index.php\/wp-json\/wp\/v2\/categories?post=45989"},{"taxonomy":"post_tag","embeddable":true,"href":"https:\/\/www.sincomam.org.br\/index.php\/wp-json\/wp\/v2\/tags?post=45989"}],"curies":[{"name":"wp","href":"https:\/\/api.w.org\/{rel}","templated":true}]}}