{"id":45969,"date":"2023-06-19T09:41:13","date_gmt":"2023-06-19T12:41:13","guid":{"rendered":"http:\/\/www.sincomam.org.br\/?p=45969"},"modified":"2023-06-19T09:41:13","modified_gmt":"2023-06-19T12:41:13","slug":"marinha-resgata-sexto-sobrevivente-de-naufragio-em-sc","status":"publish","type":"post","link":"https:\/\/www.sincomam.org.br\/index.php\/marinha-resgata-sexto-sobrevivente-de-naufragio-em-sc\/","title":{"rendered":"Marinha resgata sexto sobrevivente de naufr\u00e1gio em SC"},"content":{"rendered":"<div id=\"chunk-4i4k0\">\n<div class=\"mc-column content-text active-extra-styles \" data-block-type=\"unstyled\" data-block-weight=\"58\" data-block-id=\"3\">\n<p class=\"content-text__container \" data-track-category=\"Link no Texto\" data-track-links=\"\">A Marinha do Brasil confirmou no in\u00edcio da noite deste domingo (18) que foi\u00a0encontrado, com vida, um dos tr\u00eas homens que ainda estavam desaparecidos\u00a0ap\u00f3s o naufr\u00e1gio do barco pesqueiro \u201cBP Safadi Seif\u201d, na noite de sexta-feira (16) na costa de Santa Catarina.\u00a0<span class=\"highlight highlighted\">Outros cinco tripulantes j\u00e1 haviam sido encontrados com vida na noite de s\u00e1bado (17)<\/span>.<\/p>\n<\/div>\n<\/div>\n<div class=\"wall protected-content\">\n<div id=\"chunk-adqot\">\n<div class=\"mc-column content-text active-extra-styles \" data-block-type=\"unstyled\" data-block-weight=\"43\" data-block-id=\"4\">\n<p class=\"content-text__container \" data-track-category=\"Link no Texto\" data-track-links=\"\">Identificado como Deivid Luiz Monteiro Ferreira, o homem foi trazido em uma aeronave Super Cougar, da Marinha do Brasil, para a base a\u00e9rea de Florian\u00f3polis e em seguida levado para o Hospital Celso Ramos pelo Servi\u00e7o de Atendimento M\u00f3vel de Urg\u00eancia (SAMU).<\/p>\n<div id=\"chunk-f299f\">\n<div class=\"mc-column content-text active-extra-styles \" data-block-type=\"unstyled\" data-block-weight=\"76\" data-block-id=\"7\">\n<p class=\"content-text__container \" data-track-category=\"Link no Texto\" data-track-links=\"\">&#8220;Conseguimos encontrar o n\u00e1ufrago preso a uma boia indicadora de local de pesca, realizamos a aproxima\u00e7\u00e3o descemos o cesto junto com os nossos mergulhadores e fizemos o resgate do n\u00e1ufrago. Inicialmente estava em uma condi\u00e7\u00e3o l\u00facida, desidratado e h\u00e1 dois dias \u00e0 deriva. Trouxemos para a base de Florian\u00f3polis, onde havia uma base do Samu para receb\u00ea-lo e dar os primeiros socorros&#8221;, relatou o capit\u00e3o-tenente Paiva Aguiar, piloto do 2\u00ba Esquadr\u00e3o de Helic\u00f3pteros de Emprego Geral.<\/p>\n<\/div>\n<\/div>\n<div id=\"chunk-3esj\">\n<div class=\"mc-column content-text active-extra-styles \" data-block-type=\"unstyled\" data-block-weight=\"41\" data-block-id=\"8\">\n<p class=\"content-text__container \" data-track-category=\"Link no Texto\" data-track-links=\"\">Ainda segundo a Marinha,\u00a0<span class=\"highlight highlighted\">ele apresentava quadro grave de hipotermia e estava a cerca de 200 quil\u00f4metros da costa<\/span>. O primeiro atendimento m\u00e9dico em terra foi feito pela equipe do helic\u00f3ptero Arcanjo, do Corpo de Bombeiros Militar de Santa Catarina (CBM-SC).<\/p>\n<div id=\"chunk-d7jht\">\n<div class=\"mc-column content-text active-extra-styles \" data-block-type=\"unstyled\" data-block-weight=\"14\" data-block-id=\"11\">\n<p class=\"content-text__container \" data-track-category=\"Link no Texto\" data-track-links=\"\">As buscas foram encerradas neste domingo e seguem na segunda-feira (19).\u00a0Ainda est\u00e3o desaparecidos:<\/p>\n<\/div>\n<\/div>\n<div class=\"mc-column content-text active-extra-styles\" data-block-type=\"raw\" data-block-weight=\"8\" data-block-id=\"12\">\n<ul class=\"content-unordered-list\">\n<li>Alisson da Silva Santos<\/li>\n<li>Diego Silva de Brito<\/li>\n<\/ul>\n<p>Segundo Luiz Carlos Messias da Silva, um dos tripulantes resgatados na noite de s\u00e1bado, os tr\u00eas homens que seguiam desaparecidos ap\u00f3s o naufr\u00e1gio saltaram da embarca\u00e7\u00e3o\u00a0antes do resto da tripula\u00e7\u00e3o.<\/p>\n<\/div>\n<div id=\"chunk-9p6vd\">\n<div class=\"mc-column content-text active-extra-styles \" data-block-type=\"unstyled\" data-block-weight=\"32\" data-block-id=\"13\">\n<div id=\"chunk-9s4d4\">\n<div class=\"mc-column content-text active-extra-styles \" data-block-type=\"unstyled\" data-block-weight=\"28\" data-block-id=\"15\">\n<p class=\"content-text__container \" data-track-category=\"Link no Texto\" data-track-links=\"\">As buscas pelos tripulantes desaparecidos se concentram na \u00e1rea onde as cinco v\u00edtimas foram encontradas na noite de s\u00e1bado (17), a cerca de 160 km da costa catarinense.<\/p>\n<\/div>\n<\/div>\n<div id=\"chunk-28i55\">\n<div class=\"mc-column content-text active-extra-styles \" data-block-type=\"unstyled\" data-block-weight=\"28\" data-block-id=\"16\">\n<p class=\"content-text__container \" data-track-category=\"Link no Texto\" data-track-links=\"\">Ainda de acordo com Luiz Carlos, a embarca\u00e7\u00e3o inundou ap\u00f3s uma onda forte. &#8220;A gente estava trabalhando, tudo tranquilo, e depois veio a vaga de mar muito violenta&#8221;.<\/p>\n<div id=\"chunk-7u1j1\">\n<div class=\"mc-column content-text active-extra-styles \" data-block-type=\"unstyled\" data-block-weight=\"51\" data-block-id=\"19\">\n<p class=\"content-text__container \" data-track-category=\"Link no Texto\" data-track-links=\"\">Os cinco primeiros resgatados, todos em bom estado de sa\u00fade, estavam juntos numa pequena balsa que era levada pelo pesqueiro. Eles foram encontrados pelo rebocador Thor Frigg, que ajudava nas buscas sob coordena\u00e7\u00e3o da Salvamar Sul, destacamento da Marinha que coordena e executa as atividades de busca e salvamento no mar.<\/p>\n<\/div>\n<\/div>\n<div id=\"chunk-3usub\">\n<div class=\"mc-column content-text active-extra-styles \" data-block-type=\"unstyled\" data-block-weight=\"40\" data-block-id=\"20\">\n<p class=\"content-text__container \" data-track-category=\"Link no Texto\" data-track-links=\"\">Eles foram levados para terra firme e desembarcaram na manh\u00e3 deste domingo em Itaja\u00ed, no Litoral Norte catarinense. S\u00e3o eles:\u00a0Domingos Pereira do Ros\u00e1rio, Zoel Teixeira Barros, Djalma dos Santos Silva, M\u00e1rio Gomes Soares e Luiz Carlos Messias da Silva.<\/p>\n<\/div>\n<\/div>\n<div class=\"mc-column content-text active-extra-styles\" data-block-type=\"raw\" data-block-weight=\"2\" data-block-id=\"21\">\n<p class=\"content-text__container\"><strong>O naufr\u00e1gio<\/strong><\/p>\n<p>A embarca\u00e7\u00e3o pesqueira naufragou no mar com a \u00faltima comunica\u00e7\u00e3o feita cerca de 40 quil\u00f4metros da costa da cidade de Garopaba, no litoral Sul catarinense, na noite de sexta-feira (16).<\/p>\n<\/div>\n<div id=\"chunk-7jqof\">\n<div class=\"mc-column content-text active-extra-styles \" data-block-type=\"unstyled\" data-block-weight=\"14\" data-block-id=\"23\">\n<p class=\"content-text__container \" data-track-category=\"Link no Texto\" data-track-links=\"\">As buscas foram iniciadas ainda na noite de sexta, segundo a Capitania dos Portos.<\/p>\n<\/div>\n<\/div>\n<div id=\"chunk-bi4m7\">\n<div class=\"mc-column content-text active-extra-styles \" data-block-type=\"unstyled\" data-block-weight=\"36\" data-block-id=\"24\">\n<p class=\"content-text__container \" data-track-category=\"Link no Texto\" data-track-links=\"\">Em coletiva de imprensa, o comandante do 5\u00ba Distrito Naval, Silvio Lu\u00eds dos Santos, informou que a Marinha do Brasil emitiu um alerta, no dia anterior, sobre os reflexos da passagem do ciclone extratropical no mar.<\/p>\n<\/div>\n<\/div>\n<div id=\"chunk-2dkfr\">\n<div class=\"mc-column content-text active-extra-styles \" data-block-type=\"unstyled\" data-block-weight=\"10\" data-block-id=\"25\">\n<p class=\"content-text__container \" data-track-category=\"Link no Texto\" data-track-links=\"\">&#8220;O mar estava muito alto, com ondas muito grandes&#8221;, relatou.<\/p>\n<p data-track-category=\"Link no Texto\" data-track-links=\"\">Fonte: G1<\/p>\n<p data-track-category=\"Link no Texto\" data-track-links=\"\">\n<\/div>\n<\/div>\n<\/div>\n<\/div>\n<\/div>\n<\/div>\n<\/div>\n<\/div>\n<\/div>\n<\/div>\n<\/div>\n","protected":false},"excerpt":{"rendered":"<p>A Marinha do Brasil confirmou no in\u00edcio da noite deste domingo (18) que foi\u00a0encontrado, com vida, um dos tr\u00eas homens que ainda estavam desaparecidos\u00a0ap\u00f3s o&#8230;<\/p>\n","protected":false},"author":1527,"featured_media":45970,"comment_status":"closed","ping_status":"closed","sticky":false,"template":"","format":"standard","meta":{"footnotes":""},"categories":[6],"tags":[],"class_list":["post-45969","post","type-post","status-publish","format-standard","has-post-thumbnail","hentry","category-noticias"],"_links":{"self":[{"href":"https:\/\/www.sincomam.org.br\/index.php\/wp-json\/wp\/v2\/posts\/45969","targetHints":{"allow":["GET"]}}],"collection":[{"href":"https:\/\/www.sincomam.org.br\/index.php\/wp-json\/wp\/v2\/posts"}],"about":[{"href":"https:\/\/www.sincomam.org.br\/index.php\/wp-json\/wp\/v2\/types\/post"}],"author":[{"embeddable":true,"href":"https:\/\/www.sincomam.org.br\/index.php\/wp-json\/wp\/v2\/users\/1527"}],"replies":[{"embeddable":true,"href":"https:\/\/www.sincomam.org.br\/index.php\/wp-json\/wp\/v2\/comments?post=45969"}],"version-history":[{"count":1,"href":"https:\/\/www.sincomam.org.br\/index.php\/wp-json\/wp\/v2\/posts\/45969\/revisions"}],"predecessor-version":[{"id":45971,"href":"https:\/\/www.sincomam.org.br\/index.php\/wp-json\/wp\/v2\/posts\/45969\/revisions\/45971"}],"wp:featuredmedia":[{"embeddable":true,"href":"https:\/\/www.sincomam.org.br\/index.php\/wp-json\/wp\/v2\/media\/45970"}],"wp:attachment":[{"href":"https:\/\/www.sincomam.org.br\/index.php\/wp-json\/wp\/v2\/media?parent=45969"}],"wp:term":[{"taxonomy":"category","embeddable":true,"href":"https:\/\/www.sincomam.org.br\/index.php\/wp-json\/wp\/v2\/categories?post=45969"},{"taxonomy":"post_tag","embeddable":true,"href":"https:\/\/www.sincomam.org.br\/index.php\/wp-json\/wp\/v2\/tags?post=45969"}],"curies":[{"name":"wp","href":"https:\/\/api.w.org\/{rel}","templated":true}]}}