{"id":45946,"date":"2023-06-19T08:02:50","date_gmt":"2023-06-19T11:02:50","guid":{"rendered":"http:\/\/www.sincomam.org.br\/?p=45946"},"modified":"2023-06-18T19:04:29","modified_gmt":"2023-06-18T22:04:29","slug":"aquecimento-dos-oceanos-quebra-recordes-e-2023-pode-ser-o-ano-mais-quente","status":"publish","type":"post","link":"https:\/\/www.sincomam.org.br\/index.php\/aquecimento-dos-oceanos-quebra-recordes-e-2023-pode-ser-o-ano-mais-quente\/","title":{"rendered":"Aquecimento dos oceanos quebra recordes e 2023 pode ser o ano mais quente"},"content":{"rendered":"<p>Recordes clim\u00e1ticos globais significativos est\u00e3o quebrando rapidamente, uma tend\u00eancia que provavelmente continuar\u00e1 nos pr\u00f3ximos anos. O fen\u00f4meno est\u00e1 vinculado \u00e0 transi\u00e7\u00e3o para o El Ni\u00f1o, ap\u00f3s um per\u00edodo de forte presen\u00e7a da La Ni\u00f1a. Oposto ao El Ni\u00f1o, o La Ni\u00f1a consiste na diminui\u00e7\u00e3o da temperatura da superf\u00edcie das \u00e1guas do Oceano Pac\u00edfico.<\/p>\n<p>A informa\u00e7\u00e3o \u00e9 da National Oceanic and Atmospheric Administration (NOAA), \u00f3rg\u00e3o do governo dos Estados Unidos. O m\u00eas de maio foi o segundo mais quente j\u00e1 registrado.<\/p>\n<p>Nos \u00faltimos dias, uma onda repentina de temperaturas do ar superaltas pode levar o ano a emergir como o mais quente j\u00e1 registrado. As temperaturas globais do ar estiveram acima da m\u00e9dia da linha de base ao longo do ano, desenvolvendo uma plataforma que desafia o atual recorde anual de 2016.<\/p>\n<div id=\"beacon_6a54062540\"><\/div>\n<p>A tend\u00eancia n\u00e3o reflete nenhum sinal de desacelera\u00e7\u00e3o. Provavelmente, 2023 ser\u00e1 o ano mais quente j\u00e1 registrado nos oceanos. Segundo a NOAA, a situa\u00e7\u00e3o surpreendente, j\u00e1 que historicamente a recupera\u00e7\u00e3o dos anos mais frios de La Ni\u00f1a n\u00e3o ocorreu t\u00e3o rapidamente.<\/p>\n<p>Fonte: Portos e Navios<\/p>\n","protected":false},"excerpt":{"rendered":"<p>Recordes clim\u00e1ticos globais significativos est\u00e3o quebrando rapidamente, uma tend\u00eancia que provavelmente continuar\u00e1 nos pr\u00f3ximos anos. O fen\u00f4meno est\u00e1 vinculado \u00e0 transi\u00e7\u00e3o para o El Ni\u00f1o,&#8230;<\/p>\n","protected":false},"author":1527,"featured_media":45947,"comment_status":"closed","ping_status":"closed","sticky":false,"template":"","format":"standard","meta":{"footnotes":""},"categories":[6],"tags":[],"class_list":["post-45946","post","type-post","status-publish","format-standard","has-post-thumbnail","hentry","category-noticias"],"_links":{"self":[{"href":"https:\/\/www.sincomam.org.br\/index.php\/wp-json\/wp\/v2\/posts\/45946","targetHints":{"allow":["GET"]}}],"collection":[{"href":"https:\/\/www.sincomam.org.br\/index.php\/wp-json\/wp\/v2\/posts"}],"about":[{"href":"https:\/\/www.sincomam.org.br\/index.php\/wp-json\/wp\/v2\/types\/post"}],"author":[{"embeddable":true,"href":"https:\/\/www.sincomam.org.br\/index.php\/wp-json\/wp\/v2\/users\/1527"}],"replies":[{"embeddable":true,"href":"https:\/\/www.sincomam.org.br\/index.php\/wp-json\/wp\/v2\/comments?post=45946"}],"version-history":[{"count":1,"href":"https:\/\/www.sincomam.org.br\/index.php\/wp-json\/wp\/v2\/posts\/45946\/revisions"}],"predecessor-version":[{"id":45948,"href":"https:\/\/www.sincomam.org.br\/index.php\/wp-json\/wp\/v2\/posts\/45946\/revisions\/45948"}],"wp:featuredmedia":[{"embeddable":true,"href":"https:\/\/www.sincomam.org.br\/index.php\/wp-json\/wp\/v2\/media\/45947"}],"wp:attachment":[{"href":"https:\/\/www.sincomam.org.br\/index.php\/wp-json\/wp\/v2\/media?parent=45946"}],"wp:term":[{"taxonomy":"category","embeddable":true,"href":"https:\/\/www.sincomam.org.br\/index.php\/wp-json\/wp\/v2\/categories?post=45946"},{"taxonomy":"post_tag","embeddable":true,"href":"https:\/\/www.sincomam.org.br\/index.php\/wp-json\/wp\/v2\/tags?post=45946"}],"curies":[{"name":"wp","href":"https:\/\/api.w.org\/{rel}","templated":true}]}}