{"id":45943,"date":"2023-06-19T08:00:57","date_gmt":"2023-06-19T11:00:57","guid":{"rendered":"http:\/\/www.sincomam.org.br\/?p=45943"},"modified":"2023-06-18T19:02:46","modified_gmt":"2023-06-18T22:02:46","slug":"governo-federal-anuncia-a-reducao-das-tarifas-nos-portos-de-santos-e-rio-de-janeiro","status":"publish","type":"post","link":"https:\/\/www.sincomam.org.br\/index.php\/governo-federal-anuncia-a-reducao-das-tarifas-nos-portos-de-santos-e-rio-de-janeiro\/","title":{"rendered":"Governo federal anuncia a redu\u00e7\u00e3o das tarifas nos Portos de Santos e Rio de Janeiro"},"content":{"rendered":"<div id=\"chunk-5ddji\">\n<div class=\"mc-column content-text active-extra-styles \" data-block-type=\"unstyled\" data-block-weight=\"50\" data-block-id=\"3\">\n<p class=\"content-text__container \" data-track-category=\"Link no Texto\" data-track-links=\"\">O Minist\u00e9rio de Portos e Aeroportos anunciou a redu\u00e7\u00e3o das tarifas nos Portos de Santos (SP) e Rio de Janeiro (RJ). Em alguns casos, a queda nas taxas pode chegar a 95%. A decis\u00e3o ainda ser\u00e1 publicada no Di\u00e1rio Oficial da Uni\u00e3o e entrar\u00e1 em vigor nesta segunda-feira (19).<\/p>\n<\/div>\n<\/div>\n<div class=\"wall protected-content\">\n<div id=\"chunk-dhd32\">\n<div class=\"mc-column content-text active-extra-styles \" data-block-type=\"unstyled\" data-block-weight=\"37\" data-block-id=\"4\">\n<p class=\"content-text__container \" data-track-category=\"Link no Texto\" data-track-links=\"\">O objetivo da medida \u00e9 aumentar a efici\u00eancia do sistema portu\u00e1rio, por meio de moderniza\u00e7\u00e3o e inova\u00e7\u00e3o, tornando os terminais p\u00fablicos mais competitivos, sem perder de vista uma cobran\u00e7a tarif\u00e1ria justa.<\/p>\n<\/div>\n<\/div>\n<div id=\"chunk-8gqta\">\n<div class=\"mc-column content-text active-extra-styles \" data-block-type=\"unstyled\" data-block-weight=\"60\" data-block-id=\"5\">\n<p class=\"content-text__container \" data-track-category=\"Link no Texto\" data-track-links=\"\">O ministro de Portos e Aeroportos, M\u00e1rcio Fran\u00e7a, se encontrou com o presidente Luiz In\u00e1cio Lula da Silva (PT) na \u00faltima sexta-feira (16) para firmar a medida. &#8220;Os portos que foram privados aumentaram os impostos. E n\u00f3s, nos portos p\u00fablicos, vamos diminuir as taxas de embarque e desembarque&#8221;, explicou Fran\u00e7a, por meio de um v\u00eddeo divulgado nas redes sociais.<\/p>\n<div id=\"chunk-4uqm0\">\n<div class=\"mc-column content-text active-extra-styles \" data-block-type=\"unstyled\" data-block-weight=\"39\" data-block-id=\"7\">\n<p class=\"content-text__container \" data-track-category=\"Link no Texto\" data-track-links=\"\">&#8220;Porque n\u00f3s queremos baratear o custo da produ\u00e7\u00e3o nesse pa\u00eds. N\u00f3s queremos facilitar com que aqueles que produzem, aqueles que plantam, aqueles que colhem, aqueles que exportam, possa ganhar um pouco mais&#8221;, disse o presidente, no mesmo v\u00eddeo.<\/p>\n<p data-track-category=\"Link no Texto\" data-track-links=\"\">No\u00a0<strong>Porto de Santos<\/strong>, o desconto tarif\u00e1rio pode chegar a 65%. Segundo a Autoridade Portu\u00e1ria de Santos (APS), o c\u00e1lculo da taxa se basear\u00e1 no tipo de navega\u00e7\u00e3o e da frequ\u00eancia do uso do terminal pela embarca\u00e7\u00e3o. Visando a sustentabilidade, as embarca\u00e7\u00f5es verdes, aquelas que t\u00eam pontua\u00e7\u00e3o positiva no \u00cdndice Ambiental de Navios, pagar\u00e3o tarifas ainda mais baixas em Santos.<\/p>\n<div id=\"chunk-fa2ni\">\n<div class=\"mc-column content-text active-extra-styles \" data-block-type=\"unstyled\" data-block-weight=\"58\" data-block-id=\"11\">\n<p class=\"content-text__container \" data-track-category=\"Link no Texto\" data-track-links=\"\">\u201cA decis\u00e3o do presidente Lula e do ministro M\u00e1rcio Fran\u00e7a representam um marco hist\u00f3rico para o Porto de Santos, o maior do hemisf\u00e9rio sul, e uma mensagem para o mundo sobre a import\u00e2ncia de os pa\u00edses terem a soberania sobre seus portos\u201d, afirmou Anderson Pomini, presidente da Autoridade Portu\u00e1ria de Santos, por meio de nota divulgada pela APS.<\/p>\n<\/div>\n<\/div>\n<div id=\"chunk-16tv7\">\n<div class=\"mc-column content-text active-extra-styles \" data-block-type=\"unstyled\" data-block-weight=\"30\" data-block-id=\"12\">\n<p class=\"content-text__container \" data-track-category=\"Link no Texto\" data-track-links=\"\">J\u00e1 a<strong>\u00a0PortosRio<\/strong>, autoridade portu\u00e1ria respons\u00e1vel pela gest\u00e3o dos portos p\u00fablicos do Rio de Janeiro, Itagua\u00ed, Niter\u00f3i e Angra dos Reis, fez uma readequa\u00e7\u00e3o na cobran\u00e7a das taxas portu\u00e1rias.<\/p>\n<\/div>\n<\/div>\n<div id=\"chunk-a8595\">\n<div class=\"mc-column content-text active-extra-styles \" data-block-type=\"unstyled\" data-block-weight=\"56\" data-block-id=\"13\">\n<p class=\"content-text__container \" data-track-category=\"Link no Texto\" data-track-links=\"\">Anteriormente, o valor era calculado de acordo com o peso que o navio foi projetado para transportar. Agora, a cobran\u00e7a ser\u00e1 feita conforme o tipo e peso da carga transportada e o tipo de navega\u00e7\u00e3o. Para essas localidades, atende \u00e0s resolu\u00e7\u00f5es da Ag\u00eancia Nacional de Transportes Aquavi\u00e1rios (Antaq). Os descontos podem chegar em at\u00e9\u00a095,5%.<\/p>\n<p data-track-category=\"Link no Texto\" data-track-links=\"\">Fonte: G1<\/p>\n<\/div>\n<\/div>\n<p data-track-category=\"Link no Texto\" data-track-links=\"\">\n<\/div>\n<\/div>\n<\/div>\n<\/div>\n<\/div>\n","protected":false},"excerpt":{"rendered":"<p>O Minist\u00e9rio de Portos e Aeroportos anunciou a redu\u00e7\u00e3o das tarifas nos Portos de Santos (SP) e Rio de Janeiro (RJ). Em alguns casos, a&#8230;<\/p>\n","protected":false},"author":1527,"featured_media":45944,"comment_status":"closed","ping_status":"closed","sticky":false,"template":"","format":"standard","meta":{"footnotes":""},"categories":[6],"tags":[],"class_list":["post-45943","post","type-post","status-publish","format-standard","has-post-thumbnail","hentry","category-noticias"],"_links":{"self":[{"href":"https:\/\/www.sincomam.org.br\/index.php\/wp-json\/wp\/v2\/posts\/45943","targetHints":{"allow":["GET"]}}],"collection":[{"href":"https:\/\/www.sincomam.org.br\/index.php\/wp-json\/wp\/v2\/posts"}],"about":[{"href":"https:\/\/www.sincomam.org.br\/index.php\/wp-json\/wp\/v2\/types\/post"}],"author":[{"embeddable":true,"href":"https:\/\/www.sincomam.org.br\/index.php\/wp-json\/wp\/v2\/users\/1527"}],"replies":[{"embeddable":true,"href":"https:\/\/www.sincomam.org.br\/index.php\/wp-json\/wp\/v2\/comments?post=45943"}],"version-history":[{"count":1,"href":"https:\/\/www.sincomam.org.br\/index.php\/wp-json\/wp\/v2\/posts\/45943\/revisions"}],"predecessor-version":[{"id":45945,"href":"https:\/\/www.sincomam.org.br\/index.php\/wp-json\/wp\/v2\/posts\/45943\/revisions\/45945"}],"wp:featuredmedia":[{"embeddable":true,"href":"https:\/\/www.sincomam.org.br\/index.php\/wp-json\/wp\/v2\/media\/45944"}],"wp:attachment":[{"href":"https:\/\/www.sincomam.org.br\/index.php\/wp-json\/wp\/v2\/media?parent=45943"}],"wp:term":[{"taxonomy":"category","embeddable":true,"href":"https:\/\/www.sincomam.org.br\/index.php\/wp-json\/wp\/v2\/categories?post=45943"},{"taxonomy":"post_tag","embeddable":true,"href":"https:\/\/www.sincomam.org.br\/index.php\/wp-json\/wp\/v2\/tags?post=45943"}],"curies":[{"name":"wp","href":"https:\/\/api.w.org\/{rel}","templated":true}]}}