{"id":45934,"date":"2023-06-16T13:02:35","date_gmt":"2023-06-16T16:02:35","guid":{"rendered":"http:\/\/www.sincomam.org.br\/?p=45934"},"modified":"2023-06-16T13:02:35","modified_gmt":"2023-06-16T16:02:35","slug":"tripulantes-de-embarcacoes-brasileiras-sequestrados-na-fronteira-do-am-com-o-peru-sao-libertados","status":"publish","type":"post","link":"https:\/\/www.sincomam.org.br\/index.php\/tripulantes-de-embarcacoes-brasileiras-sequestrados-na-fronteira-do-am-com-o-peru-sao-libertados\/","title":{"rendered":"Tripulantes de embarca\u00e7\u00f5es brasileiras sequestrados na fronteira do AM com o Peru s\u00e3o libertados"},"content":{"rendered":"<div id=\"chunk-8r7oa\">\n<div class=\"mc-column content-text active-extra-styles \" data-block-type=\"unstyled\" data-block-weight=\"35\" data-block-id=\"3\">\n<p class=\"content-text__container \" data-track-category=\"Link no Texto\" data-track-links=\"\">Tripulantes das\u00a0quatro embarca\u00e7\u00f5es brasileiras sequestrados na fronteira do Amazonas com o Peru foram libertados. De acordo com a Marinha do Brasil, a liberta\u00e7\u00e3o ocorreu ap\u00f3s interlocu\u00e7\u00e3o das autoridades peruanas. Sete tripulantes brasileiros e dois pr\u00e1ticos peruanos estavam sendo feitos de ref\u00e9ns desde a ter\u00e7a-feira (6), na fronteira com o pa\u00eds vizinho.<\/p>\n<\/div>\n<\/div>\n<div class=\"wall protected-content\">\n<div id=\"chunk-1e8nr\">\n<div class=\"mc-column content-text active-extra-styles \" data-block-type=\"unstyled\" data-block-weight=\"26\" data-block-id=\"5\">\n<p class=\"content-text__container \" data-track-category=\"Link no Texto\" data-track-links=\"\">Segundo a empresa, os tripulantes foi liberados em seguran\u00e7a, sem qualquer problema de ordem f\u00edsica. Todos est\u00e3o sendo trazidos para\u00a0Manaus, para encontrarem amigos e familiares.<\/p>\n<\/div>\n<\/div>\n<div id=\"chunk-71d34\">\n<div class=\"mc-column content-text active-extra-styles \" data-block-type=\"unstyled\" data-block-weight=\"30\" data-block-id=\"6\">\n<p class=\"content-text__container \" data-track-category=\"Link no Texto\" data-track-links=\"\">A Marinha do Brasil informou que as balsas sa\u00edram de Tabatinga, no Amazonas, no dia 22 de maio, e retornariam para Manaus com \u00f3leo cru de petr\u00f3leo.<\/p>\n<\/div>\n<\/div>\n<div id=\"chunk-dnh55\">\n<div class=\"mc-column content-text active-extra-styles \" data-block-type=\"unstyled\" data-block-weight=\"25\" data-block-id=\"8\">\n<p class=\"content-text__container \" data-track-category=\"Link no Texto\" data-track-links=\"\">Logo ap\u00f3s a not\u00edcia do sequestro, a Marinha de Guerra do Peru chegou a enviar duas lanchas de controle fluvial para monitorar a situa\u00e7\u00e3o.<\/p>\n<\/div>\n<\/div>\n<div id=\"chunk-al6ob\">\n<div class=\"mc-column content-text active-extra-styles \" data-block-type=\"unstyled\" data-block-weight=\"29\" data-block-id=\"9\">\n<p class=\"content-text__container \" data-track-category=\"Link no Texto\" data-track-links=\"\">Ainda nessa sexta, a empresa respons\u00e1vel pelas embarca\u00e7\u00f5es disse que o motivo da tomada do comboio era que os ind\u00edgenas daquela regi\u00e3o reivindicam maior participa\u00e7\u00e3o nos royalties do petr\u00f3leo.<\/p>\n<\/div>\n<\/div>\n<div id=\"chunk-cmik1\">\n<div class=\"mc-column content-text active-extra-styles \" data-block-type=\"unstyled\" data-block-weight=\"51\" data-block-id=\"10\">\n<p class=\"content-text__container \" data-track-category=\"Link no Texto\" data-track-links=\"\">Em nota, a Embaixada do Brasil em Lima disse neste s\u00e1bado que tomou conhecimento, em 7 de junho, da reten\u00e7\u00e3o de embarca\u00e7\u00e3o mercante de bandeira brasileira, com seis tripulantes nacionais, em \u00e1rea de explora\u00e7\u00e3o petrol\u00edfera, na Prov\u00edncia de Loreto, regi\u00e3o norte-amaz\u00f4nica peruana que faz fronteira com o Estado do Amazonas.<\/p>\n<\/div>\n<\/div>\n<div id=\"chunk-8ve5k\">\n<div class=\"mc-column content-text active-extra-styles \" data-block-type=\"unstyled\" data-block-weight=\"63\" data-block-id=\"11\">\n<p class=\"content-text__container \" data-track-category=\"Link no Texto\" data-track-links=\"\">A Embaixada afirmou ainda que mant\u00e9m-se em contato com o Minist\u00e9rio das Rela\u00e7\u00f5es Exteriores do Peru, havendo transmitido a preocupa\u00e7\u00e3o do governo brasileiro com os acontecimentos envolvendo a embarca\u00e7\u00e3o e tripula\u00e7\u00e3o brasileiras e solicitado as medidas cab\u00edveis das autoridades locais no sentido de garantir a incolumidade dos tripulantes e o retorno seguro da embarca\u00e7\u00e3o ao Brasil. O Itamaraty seguir\u00e1 acompanhando a situa\u00e7\u00e3o.<\/p>\n<\/div>\n<\/div>\n<div id=\"chunk-5gdta\">\n<div class=\"block-podcast\">Fonte: G1<\/div>\n<\/div>\n<\/div>\n","protected":false},"excerpt":{"rendered":"<p>Tripulantes das\u00a0quatro embarca\u00e7\u00f5es brasileiras sequestrados na fronteira do Amazonas com o Peru foram libertados. De acordo com a Marinha do Brasil, a liberta\u00e7\u00e3o ocorreu ap\u00f3s&#8230;<\/p>\n","protected":false},"author":1527,"featured_media":45935,"comment_status":"closed","ping_status":"closed","sticky":false,"template":"","format":"standard","meta":{"footnotes":""},"categories":[6],"tags":[],"class_list":["post-45934","post","type-post","status-publish","format-standard","has-post-thumbnail","hentry","category-noticias"],"_links":{"self":[{"href":"https:\/\/www.sincomam.org.br\/index.php\/wp-json\/wp\/v2\/posts\/45934","targetHints":{"allow":["GET"]}}],"collection":[{"href":"https:\/\/www.sincomam.org.br\/index.php\/wp-json\/wp\/v2\/posts"}],"about":[{"href":"https:\/\/www.sincomam.org.br\/index.php\/wp-json\/wp\/v2\/types\/post"}],"author":[{"embeddable":true,"href":"https:\/\/www.sincomam.org.br\/index.php\/wp-json\/wp\/v2\/users\/1527"}],"replies":[{"embeddable":true,"href":"https:\/\/www.sincomam.org.br\/index.php\/wp-json\/wp\/v2\/comments?post=45934"}],"version-history":[{"count":1,"href":"https:\/\/www.sincomam.org.br\/index.php\/wp-json\/wp\/v2\/posts\/45934\/revisions"}],"predecessor-version":[{"id":45936,"href":"https:\/\/www.sincomam.org.br\/index.php\/wp-json\/wp\/v2\/posts\/45934\/revisions\/45936"}],"wp:featuredmedia":[{"embeddable":true,"href":"https:\/\/www.sincomam.org.br\/index.php\/wp-json\/wp\/v2\/media\/45935"}],"wp:attachment":[{"href":"https:\/\/www.sincomam.org.br\/index.php\/wp-json\/wp\/v2\/media?parent=45934"}],"wp:term":[{"taxonomy":"category","embeddable":true,"href":"https:\/\/www.sincomam.org.br\/index.php\/wp-json\/wp\/v2\/categories?post=45934"},{"taxonomy":"post_tag","embeddable":true,"href":"https:\/\/www.sincomam.org.br\/index.php\/wp-json\/wp\/v2\/tags?post=45934"}],"curies":[{"name":"wp","href":"https:\/\/api.w.org\/{rel}","templated":true}]}}