{"id":45909,"date":"2023-06-15T09:05:44","date_gmt":"2023-06-15T12:05:44","guid":{"rendered":"http:\/\/www.sincomam.org.br\/?p=45909"},"modified":"2023-06-15T09:05:44","modified_gmt":"2023-06-15T12:05:44","slug":"saude-atualiza-para-53-os-casos-de-febre-maculosa-com-8-mortes","status":"publish","type":"post","link":"https:\/\/www.sincomam.org.br\/index.php\/saude-atualiza-para-53-os-casos-de-febre-maculosa-com-8-mortes\/","title":{"rendered":"Sa\u00fade atualiza para 53 os casos de febre maculosa, com 8 mortes"},"content":{"rendered":"<p>O Minist\u00e9rio da Sa\u00fade atualizou para 53 o n\u00famero de casos de febre maculosa confirmados este ano no pa\u00eds, com oito mortes registradas. Todos os \u00f3bitos ocorreram na Regi\u00e3o Sudeste &#8212; seis em S\u00e3o Paulo, um em Minas Gerais e um no Rio de Janeiro. Quanto ao n\u00famero de casos, a maior concentra\u00e7\u00e3o de ocorr\u00eancias \u00e9 verificada nas regi\u00f5es Sudeste (30) e Sul (17).\u00a0<img decoding=\"async\" src=\"https:\/\/agenciabrasil.ebc.com.br\/ebc.png?id=1538285&amp;o=node\" \/><img decoding=\"async\" src=\"https:\/\/agenciabrasil.ebc.com.br\/ebc.gif?id=1538285&amp;o=node\" \/><\/p>\n<p>Segundo a pasta, no geral, os casos aparecem de maneira espor\u00e1dica. A transmiss\u00e3o da febre maculosa ocorre somente por meio do contato com o carrapato estrela infectado pela bact\u00e9ria do g\u00eanero Rickettsia. N\u00e3o h\u00e1, portanto, transmiss\u00e3o de pessoa para pessoa. \u201cO tratamento oportuno \u00e9 essencial para evitar formas mais graves da doen\u00e7a e \u00f3bitos\u201d, alerta o minist\u00e9rio.<\/p>\n<p>De acordo com a pasta, assim que surgem os primeiros sintomas, o paciente deve procurar as unidades de sa\u00fade para avalia\u00e7\u00e3o m\u00e9dica e tratamento dispon\u00edvel no Sistema \u00danico de Sa\u00fade (SUS). O minist\u00e9rio informa que tem promovido a\u00e7\u00f5es recorrentes de capacita\u00e7\u00e3o direcionadas \u00e0s vigil\u00e2ncias estaduais e municipais, envolvendo profissionais da vigil\u00e2ncia e da aten\u00e7\u00e3o \u00e0 sa\u00fade.<\/p>\n<p>Em nota, a pasta informa que est\u00e1 sendo usado um medicamento antimicrobiano para tratar a febre maculosa e que todas as unidades federativas est\u00e3o abastecidas com os rem\u00e9dios priorit\u00e1rios para o tratar a doen\u00e7a, incluindo S\u00e3o Paulo. A nota diz ainda que disp\u00f5e de estoque estrat\u00e9gico para envio de novas remessas aos estados que precisarem.<\/p>\n<h2>Campinas<\/h2>\n<p>Sobre o surto de febre maculosa em Campinas, interior de S\u00e3o Paulo, o minist\u00e9rio diz que mant\u00e9m contato com o estado para acompanhamento das a\u00e7\u00f5es de vigil\u00e2ncia e assist\u00eancia. Segundo a pasta, o munic\u00edpio \u00e9 \u00e1rea end\u00eamica, e o per\u00edodo sazonal para a doen\u00e7a vai de maio a setembro.<\/p>\n<p>Para \u00e1reas consideradas de risco, o minist\u00e9rio recomenda o uso de roupas que cubram todo o corpo, priorizando cal\u00e7as, blusas ou camisetas com mangas compridas e sapatos fechados. Al\u00e9m disso, s\u00e3o indicadas roupas de cores claras para que os carrapatos sejam vistos com mais facilidade pelo corpo.<\/p>\n<p>\u201cExamine o corpo com frequ\u00eancia &#8212; quanto mais r\u00e1pido os carrapatos forem retirados, menores as chances de infec\u00e7\u00f5es. Caso um animal esteja infestado por carrapatos, procure orienta\u00e7\u00e3o de um m\u00e9dico veterin\u00e1rio\u201d, diz a nota.<\/p>\n<p>Fonte: Ag\u00eancia Brasil<\/p>\n","protected":false},"excerpt":{"rendered":"<p>O Minist\u00e9rio da Sa\u00fade atualizou para 53 o n\u00famero de casos de febre maculosa confirmados este ano no pa\u00eds, com oito mortes registradas. Todos os&#8230;<\/p>\n","protected":false},"author":1527,"featured_media":45910,"comment_status":"closed","ping_status":"closed","sticky":false,"template":"","format":"standard","meta":{"footnotes":""},"categories":[6],"tags":[],"class_list":["post-45909","post","type-post","status-publish","format-standard","has-post-thumbnail","hentry","category-noticias"],"_links":{"self":[{"href":"https:\/\/www.sincomam.org.br\/index.php\/wp-json\/wp\/v2\/posts\/45909","targetHints":{"allow":["GET"]}}],"collection":[{"href":"https:\/\/www.sincomam.org.br\/index.php\/wp-json\/wp\/v2\/posts"}],"about":[{"href":"https:\/\/www.sincomam.org.br\/index.php\/wp-json\/wp\/v2\/types\/post"}],"author":[{"embeddable":true,"href":"https:\/\/www.sincomam.org.br\/index.php\/wp-json\/wp\/v2\/users\/1527"}],"replies":[{"embeddable":true,"href":"https:\/\/www.sincomam.org.br\/index.php\/wp-json\/wp\/v2\/comments?post=45909"}],"version-history":[{"count":1,"href":"https:\/\/www.sincomam.org.br\/index.php\/wp-json\/wp\/v2\/posts\/45909\/revisions"}],"predecessor-version":[{"id":45911,"href":"https:\/\/www.sincomam.org.br\/index.php\/wp-json\/wp\/v2\/posts\/45909\/revisions\/45911"}],"wp:featuredmedia":[{"embeddable":true,"href":"https:\/\/www.sincomam.org.br\/index.php\/wp-json\/wp\/v2\/media\/45910"}],"wp:attachment":[{"href":"https:\/\/www.sincomam.org.br\/index.php\/wp-json\/wp\/v2\/media?parent=45909"}],"wp:term":[{"taxonomy":"category","embeddable":true,"href":"https:\/\/www.sincomam.org.br\/index.php\/wp-json\/wp\/v2\/categories?post=45909"},{"taxonomy":"post_tag","embeddable":true,"href":"https:\/\/www.sincomam.org.br\/index.php\/wp-json\/wp\/v2\/tags?post=45909"}],"curies":[{"name":"wp","href":"https:\/\/api.w.org\/{rel}","templated":true}]}}