{"id":45906,"date":"2023-06-15T08:42:49","date_gmt":"2023-06-15T11:42:49","guid":{"rendered":"http:\/\/www.sincomam.org.br\/?p=45906"},"modified":"2023-06-15T08:42:49","modified_gmt":"2023-06-15T11:42:49","slug":"camara-vai-debater-proposta-de-empresa-publica-que-devera-administrar-porto-de-itajai","status":"publish","type":"post","link":"https:\/\/www.sincomam.org.br\/index.php\/camara-vai-debater-proposta-de-empresa-publica-que-devera-administrar-porto-de-itajai\/","title":{"rendered":"C\u00c2MARA VAI DEBATER PROPOSTA DE EMPRESA P\u00daBLICA QUE DEVER\u00c1 ADMINISTRAR PORTO DE ITAJA\u00cd"},"content":{"rendered":"<p>A C\u00e2mara de Vereadores de Itaja\u00ed se reunir\u00e1 na segunda-feira (19), \u00e0s 15h, com representantes do Poder Executivo e da Superintend\u00eancia do Porto para discutir a elabora\u00e7\u00e3o do projeto que criar\u00e1 a empresa p\u00fablica que dever\u00e1 assumir a autoridade portu\u00e1ria. A reuni\u00e3o ser\u00e1 no Plenarinho Vereador El\u00f3i Camilo da Costa.<\/p>\n<p>A transforma\u00e7\u00e3o da Superintend\u00eancia do Porto em uma empresa p\u00fablica \u00e9 uma das exig\u00eancias do Governo Federal para delegar a autoridade p\u00fablica e municipal a Itaja\u00ed pelos pr\u00f3ximos 25 anos. Na segunda-feira o Porto deve apresentar \u00e0 C\u00e2mara como ser\u00e1 o funcionamento desta empresa, chamada de Sociedade de Prop\u00f3sito Espec\u00edfico (SPE).<\/p>\n<p>Importante destacar que a autoridade portu\u00e1ria dever\u00e1 ficar com o Munic\u00edpio, mas o arrendamento definitivo para opera\u00e7\u00e3o nos ber\u00e7os do terminal itajaiense dever\u00e1 ser licitada pelo Governo Federal.<\/p>\n<p>Fonte: Informativo dos Portos<\/p>\n","protected":false},"excerpt":{"rendered":"<p>A C\u00e2mara de Vereadores de Itaja\u00ed se reunir\u00e1 na segunda-feira (19), \u00e0s 15h, com representantes do Poder Executivo e da Superintend\u00eancia do Porto para discutir&#8230;<\/p>\n","protected":false},"author":1527,"featured_media":45907,"comment_status":"closed","ping_status":"closed","sticky":false,"template":"","format":"standard","meta":{"footnotes":""},"categories":[6],"tags":[],"class_list":["post-45906","post","type-post","status-publish","format-standard","has-post-thumbnail","hentry","category-noticias"],"_links":{"self":[{"href":"https:\/\/www.sincomam.org.br\/index.php\/wp-json\/wp\/v2\/posts\/45906","targetHints":{"allow":["GET"]}}],"collection":[{"href":"https:\/\/www.sincomam.org.br\/index.php\/wp-json\/wp\/v2\/posts"}],"about":[{"href":"https:\/\/www.sincomam.org.br\/index.php\/wp-json\/wp\/v2\/types\/post"}],"author":[{"embeddable":true,"href":"https:\/\/www.sincomam.org.br\/index.php\/wp-json\/wp\/v2\/users\/1527"}],"replies":[{"embeddable":true,"href":"https:\/\/www.sincomam.org.br\/index.php\/wp-json\/wp\/v2\/comments?post=45906"}],"version-history":[{"count":1,"href":"https:\/\/www.sincomam.org.br\/index.php\/wp-json\/wp\/v2\/posts\/45906\/revisions"}],"predecessor-version":[{"id":45908,"href":"https:\/\/www.sincomam.org.br\/index.php\/wp-json\/wp\/v2\/posts\/45906\/revisions\/45908"}],"wp:featuredmedia":[{"embeddable":true,"href":"https:\/\/www.sincomam.org.br\/index.php\/wp-json\/wp\/v2\/media\/45907"}],"wp:attachment":[{"href":"https:\/\/www.sincomam.org.br\/index.php\/wp-json\/wp\/v2\/media?parent=45906"}],"wp:term":[{"taxonomy":"category","embeddable":true,"href":"https:\/\/www.sincomam.org.br\/index.php\/wp-json\/wp\/v2\/categories?post=45906"},{"taxonomy":"post_tag","embeddable":true,"href":"https:\/\/www.sincomam.org.br\/index.php\/wp-json\/wp\/v2\/tags?post=45906"}],"curies":[{"name":"wp","href":"https:\/\/api.w.org\/{rel}","templated":true}]}}