{"id":45903,"date":"2023-06-15T07:51:06","date_gmt":"2023-06-15T10:51:06","guid":{"rendered":"http:\/\/www.sincomam.org.br\/?p=45903"},"modified":"2023-06-15T07:51:06","modified_gmt":"2023-06-15T10:51:06","slug":"operacao-agata-um-esforco-combinado-para-combater-o-garimpo-ilegal-em-roraima","status":"publish","type":"post","link":"https:\/\/www.sincomam.org.br\/index.php\/operacao-agata-um-esforco-combinado-para-combater-o-garimpo-ilegal-em-roraima\/","title":{"rendered":"Opera\u00e7\u00e3o \u2018\u00c1gata\u2019: um esfor\u00e7o combinado para combater o garimpo ilegal em Roraima"},"content":{"rendered":"<p>Uma nova fase da Opera\u00e7\u00e3o \u201c\u00c1gata\u201d foi iniciada na segunda-feira (12) com a participa\u00e7\u00e3o de 320 militares da\u00a0<strong>Marinha do Brasil<\/strong>, juntamente com efetivos e meios do Ex\u00e9rcito e da For\u00e7a A\u00e9rea. Nesta fase, ser\u00e3o realizadas a\u00e7\u00f5es preventivas na faixa de fronteira do estado de Roraima, al\u00e9m de apoio log\u00edstico, em colabora\u00e7\u00e3o com ag\u00eancias de prote\u00e7\u00e3o ambiental, defesa dos povos origin\u00e1rios, a Pol\u00edcia Federal, a Pol\u00edcia Rodovi\u00e1ria Federal, a For\u00e7a Nacional de Seguran\u00e7a P\u00fablica, e outras entidades participantes. A principal meta desta fase da opera\u00e7\u00e3o \u00e9 combater o garimpo ilegal na Terra Ind\u00edgena Yanomami.<\/p>\n<p><strong>A For\u00e7a Naval na linha de frente<\/strong><\/p>\n<p>Sob o comando do Contra-Almirante (Fuzileiro Naval) Lu\u00eds Manuel de Campos Mello, titular do Comando Naval de Opera\u00e7\u00f5es Especiais, a\u00a0For\u00e7a Naval\u00a0desempenha um papel crucial na opera\u00e7\u00e3o. Esta for\u00e7a inclui meios do Comando do 9\u00b0 Distrito Naval, al\u00e9m de tropas e recursos da For\u00e7a de Fuzileiros da Esquadra e do 1\u00b0 Batalh\u00e3o de Opera\u00e7\u00f5es Ribeirinhas. O Navio-Patrulha Fluvial \u201cRaposo Tavares\u201d, sediado em Manaus (AM), \u00e9 um dos principais meios participantes na opera\u00e7\u00e3o. Deslocado para Caracara\u00ed (RR), este navio apoiar\u00e1 as a\u00e7\u00f5es nos rios Branco e Catrimani. Equipado com lanchas blindadas e um helic\u00f3ptero, o navio aumenta a flexibilidade e efic\u00e1cia da opera\u00e7\u00e3o.<\/p>\n<p><strong>Combate ao garimpo ilegal e apoio humanit\u00e1rio<\/strong><\/p>\n<p>O objetivo principal deste esfor\u00e7o conjunto \u00e9 apoiar as comunidades ind\u00edgenas e neutralizar atividades ilegais na\u00a0<strong>Terra Ind\u00edgena Yanomami<\/strong>. \u201cA miss\u00e3o \u00e9 de grande relev\u00e2ncia. O emprego do Navio-Patrulha Fluvial \u201cRaposo Tavares\u201d, utilizando o trin\u00f4mio navio, aeronave e tropa de fuzileiros navais, garante a presen\u00e7a da Marinha e, consequentemente, do Estado brasileiro na Amaz\u00f4nia\u201d, comenta o Comandante do navio, Capit\u00e3o de Corveta Felipe Teixeira Molinari Gentil.<\/p>\n<p><strong>Um futuro mais pac\u00edfico para Roraima<\/strong><\/p>\n<p>Ao fim da opera\u00e7\u00e3o, a miss\u00e3o pretende entregar um cen\u00e1rio mais pac\u00edfico para Roraima. A ideia \u00e9 facilitar a resolu\u00e7\u00e3o definitiva do problema que envolve garimpeiros e ind\u00edgenas no estado, contribuindo para a prote\u00e7\u00e3o dos direitos ind\u00edgenas e a preserva\u00e7\u00e3o do meio ambiente na regi\u00e3o.<\/p>\n<p>Fonte: Defesa em Foco<\/p>\n","protected":false},"excerpt":{"rendered":"<p>Uma nova fase da Opera\u00e7\u00e3o \u201c\u00c1gata\u201d foi iniciada na segunda-feira (12) com a participa\u00e7\u00e3o de 320 militares da\u00a0Marinha do Brasil, juntamente com efetivos e meios&#8230;<\/p>\n","protected":false},"author":1527,"featured_media":45904,"comment_status":"closed","ping_status":"closed","sticky":false,"template":"","format":"standard","meta":{"footnotes":""},"categories":[6],"tags":[],"class_list":["post-45903","post","type-post","status-publish","format-standard","has-post-thumbnail","hentry","category-noticias"],"_links":{"self":[{"href":"https:\/\/www.sincomam.org.br\/index.php\/wp-json\/wp\/v2\/posts\/45903","targetHints":{"allow":["GET"]}}],"collection":[{"href":"https:\/\/www.sincomam.org.br\/index.php\/wp-json\/wp\/v2\/posts"}],"about":[{"href":"https:\/\/www.sincomam.org.br\/index.php\/wp-json\/wp\/v2\/types\/post"}],"author":[{"embeddable":true,"href":"https:\/\/www.sincomam.org.br\/index.php\/wp-json\/wp\/v2\/users\/1527"}],"replies":[{"embeddable":true,"href":"https:\/\/www.sincomam.org.br\/index.php\/wp-json\/wp\/v2\/comments?post=45903"}],"version-history":[{"count":1,"href":"https:\/\/www.sincomam.org.br\/index.php\/wp-json\/wp\/v2\/posts\/45903\/revisions"}],"predecessor-version":[{"id":45905,"href":"https:\/\/www.sincomam.org.br\/index.php\/wp-json\/wp\/v2\/posts\/45903\/revisions\/45905"}],"wp:featuredmedia":[{"embeddable":true,"href":"https:\/\/www.sincomam.org.br\/index.php\/wp-json\/wp\/v2\/media\/45904"}],"wp:attachment":[{"href":"https:\/\/www.sincomam.org.br\/index.php\/wp-json\/wp\/v2\/media?parent=45903"}],"wp:term":[{"taxonomy":"category","embeddable":true,"href":"https:\/\/www.sincomam.org.br\/index.php\/wp-json\/wp\/v2\/categories?post=45903"},{"taxonomy":"post_tag","embeddable":true,"href":"https:\/\/www.sincomam.org.br\/index.php\/wp-json\/wp\/v2\/tags?post=45903"}],"curies":[{"name":"wp","href":"https:\/\/api.w.org\/{rel}","templated":true}]}}