{"id":45886,"date":"2023-06-14T09:33:54","date_gmt":"2023-06-14T12:33:54","guid":{"rendered":"http:\/\/www.sincomam.org.br\/?p=45886"},"modified":"2023-06-14T09:33:54","modified_gmt":"2023-06-14T12:33:54","slug":"sus-oferece-tratamento-do-tabagismo-e-dependencia-da-nicotina","status":"publish","type":"post","link":"https:\/\/www.sincomam.org.br\/index.php\/sus-oferece-tratamento-do-tabagismo-e-dependencia-da-nicotina\/","title":{"rendered":"SUS oferece tratamento do tabagismo e depend\u00eancia da nicotina"},"content":{"rendered":"<p>O Minist\u00e9rio da Sa\u00fade criou o Programa Nacional de Controle do Tabagismo (PNCT) no Sistema \u00danico de Sa\u00fade (SUS), que passa a oferecer tratamento para o tabagismo e depend\u00eancia da nicotina. A medida foi publicada nesta ter\u00e7a-feira (13) no Di\u00e1rio Oficial e tem como objetivo reduzir a preval\u00eancia de usu\u00e1rios no pa\u00eds.<img decoding=\"async\" src=\"https:\/\/agenciabrasil.ebc.com.br\/ebc.png?id=1537864&amp;o=node\" \/><img decoding=\"async\" src=\"https:\/\/agenciabrasil.ebc.com.br\/ebc.gif?id=1537864&amp;o=node\" \/><\/p>\n<p>A Pesquisa Nacional de Sa\u00fade (PNS) aponta que o Brasil, em 2019, ainda mantinha 12,8% da popula\u00e7\u00e3o usu\u00e1ria de derivados do tabaco, al\u00e9m de 9,2% de fumantes passivos. De acordo com Organiza\u00e7\u00e3o Mundia de Sa\u00fade (OMS), a cada dia, no pa\u00eds, 443 pessoas morrem por causa do tabagismo.<\/p>\n<p>Segundo a\u00a0<a href=\"https:\/\/www.in.gov.br\/web\/dou\/-\/portaria-gm\/ms-n-502-de-1-de-junho-de-2023-489152905\" target=\"_blank\" rel=\"noopener\">publica\u00e7\u00e3o<\/a>, o novo PNCT tem a miss\u00e3o de \u201carticular a rede de tratamento do tabagismo no SUS, o Programa Saber Sa\u00fade, as campanhas e outras a\u00e7\u00f5es educativas e a promo\u00e7\u00e3o de ambientes livres da fuma\u00e7a do tabaco\u201d. Caber\u00e1 \u00e0s secretarias Estaduais e Municipais de Sa\u00fade implementar o programa em suas \u00e1reas de atua\u00e7\u00e3o e a coordena\u00e7\u00e3o nacional ser\u00e1 do Instituto Nacional de C\u00e2ncer (Inca).<\/p>\n<p>Al\u00e9m da gest\u00e3o, o novo PNCT dever\u00e1 atuar em tr\u00eas outros eixos: o cuidado integral, que inclui preven\u00e7\u00e3o e promo\u00e7\u00e3o da sa\u00fade; educa\u00e7\u00e3o; e vigil\u00e2ncia. Tratamento, preven\u00e7\u00e3o da inicia\u00e7\u00e3o ao tabagismo e prote\u00e7\u00e3o da exposi\u00e7\u00e3o \u00e0 fuma\u00e7a, para evitar o consumo passivo, s\u00e3o a\u00e7\u00f5es ligadas ao cuidado integral.<\/p>\n<p>No eixo educa\u00e7\u00e3o o novo programa prev\u00ea qualifica\u00e7\u00e3o de profissionais de sa\u00fade, gestores do PNCT, profissionais de vigil\u00e2ncia sanit\u00e1ria, al\u00e9m do fomento de a\u00e7\u00f5es educativas voltadas \u00e0 popula\u00e7\u00e3o. J\u00e1 o eixo vigil\u00e2ncia em sa\u00fade \u00e9 voltado para a\u00e7\u00f5es de monitoramento de consumo do tabaco e seus derivados, assim como de outros produtos fum\u00edgenos, derivados ou n\u00e3o do tabaco, e at\u00e9 de produtos ilegais.<\/p>\n<p>Fonte: Ag\u00eancia Brasil<\/p>\n","protected":false},"excerpt":{"rendered":"<p>O Minist\u00e9rio da Sa\u00fade criou o Programa Nacional de Controle do Tabagismo (PNCT) no Sistema \u00danico de Sa\u00fade (SUS), que passa a oferecer tratamento para&#8230;<\/p>\n","protected":false},"author":1527,"featured_media":45887,"comment_status":"closed","ping_status":"closed","sticky":false,"template":"","format":"standard","meta":{"footnotes":""},"categories":[6],"tags":[],"class_list":["post-45886","post","type-post","status-publish","format-standard","has-post-thumbnail","hentry","category-noticias"],"_links":{"self":[{"href":"https:\/\/www.sincomam.org.br\/index.php\/wp-json\/wp\/v2\/posts\/45886","targetHints":{"allow":["GET"]}}],"collection":[{"href":"https:\/\/www.sincomam.org.br\/index.php\/wp-json\/wp\/v2\/posts"}],"about":[{"href":"https:\/\/www.sincomam.org.br\/index.php\/wp-json\/wp\/v2\/types\/post"}],"author":[{"embeddable":true,"href":"https:\/\/www.sincomam.org.br\/index.php\/wp-json\/wp\/v2\/users\/1527"}],"replies":[{"embeddable":true,"href":"https:\/\/www.sincomam.org.br\/index.php\/wp-json\/wp\/v2\/comments?post=45886"}],"version-history":[{"count":1,"href":"https:\/\/www.sincomam.org.br\/index.php\/wp-json\/wp\/v2\/posts\/45886\/revisions"}],"predecessor-version":[{"id":45888,"href":"https:\/\/www.sincomam.org.br\/index.php\/wp-json\/wp\/v2\/posts\/45886\/revisions\/45888"}],"wp:featuredmedia":[{"embeddable":true,"href":"https:\/\/www.sincomam.org.br\/index.php\/wp-json\/wp\/v2\/media\/45887"}],"wp:attachment":[{"href":"https:\/\/www.sincomam.org.br\/index.php\/wp-json\/wp\/v2\/media?parent=45886"}],"wp:term":[{"taxonomy":"category","embeddable":true,"href":"https:\/\/www.sincomam.org.br\/index.php\/wp-json\/wp\/v2\/categories?post=45886"},{"taxonomy":"post_tag","embeddable":true,"href":"https:\/\/www.sincomam.org.br\/index.php\/wp-json\/wp\/v2\/tags?post=45886"}],"curies":[{"name":"wp","href":"https:\/\/api.w.org\/{rel}","templated":true}]}}