{"id":45880,"date":"2023-06-14T09:31:02","date_gmt":"2023-06-14T12:31:02","guid":{"rendered":"http:\/\/www.sincomam.org.br\/?p=45880"},"modified":"2023-06-14T09:31:02","modified_gmt":"2023-06-14T12:31:02","slug":"navio-argentino-ara-libertad-visita-salvador-e-proporciona-experiencia-unica-ao-publico","status":"publish","type":"post","link":"https:\/\/www.sincomam.org.br\/index.php\/navio-argentino-ara-libertad-visita-salvador-e-proporciona-experiencia-unica-ao-publico\/","title":{"rendered":"Navio argentino \u201cARA Libertad\u201d visita Salvador e proporciona experi\u00eancia \u00fanica ao p\u00fablico"},"content":{"rendered":"<p>O porto de Salvador recebeu entre os dias 6 e 9 de junho uma visita memor\u00e1vel e imponente. O\u00a0Navio ARA \u201cLibertad\u201d, orgulho da Armada Argentina, fez da cidade baiana sua casa por alguns dias, contando com o apoio log\u00edstico do\u00a0Comando do 2\u00ba Distrito Naval (Com2\u00baDN)\u00a0para suas opera\u00e7\u00f5es. A atraca\u00e7\u00e3o do navio argentino n\u00e3o s\u00f3 traz um ar de novidade para a rotina do porto, mas tamb\u00e9m destaca a amizade e a coopera\u00e7\u00e3o naval existentes entre Brasil e Argentina.<\/p>\n<p><strong>Homenagem ao Almirante Tamandar\u00e9<\/strong><\/p>\n<p>No dia de sua chegada, 6 de junho, uma cerim\u00f4nia foi realizada com a presen\u00e7a do\u00a0Adido Naval da Argentina, Comodoro Carlos Fumes, do\u00a0Adido Naval do Peru, Capit\u00e1n de Navio Francisco Pacheco, e do\u00a0Comandante do ARA \u201cLibertad\u201d, Capit\u00e1n de Navio Gonzalo Horacio Nieto, al\u00e9m de uma representa\u00e7\u00e3o da tripula\u00e7\u00e3o do navio. O evento incluiu uma aposi\u00e7\u00e3o floral no busto do Almirante Tamandar\u00e9, situado no p\u00e1tio do Com2\u00baDN, uma maneira honrosa de homenagear o patrono da Marinha brasileira e de estabelecer um elo de respeito e admira\u00e7\u00e3o entre as marinhas dos dois pa\u00edses.<\/p>\n<p><strong>Experi\u00eancia \u00fanica de visita\u00e7\u00e3o<\/strong><\/p>\n<p>Em 8 de junho, uma oportunidade \u00fanica foi oferecida ao p\u00fablico de Salvador. O ARA \u201cLibertad\u201d abriu suas portas para visita\u00e7\u00e3o p\u00fablica no\u00a0<strong>Porto de Salvador<\/strong>, das 10h \u00e0s 17h. Turistas, moradores da cidade e representantes da imprensa local tiveram a chance de explorar o navio, entender mais sobre suas opera\u00e7\u00f5es e vivenciar de perto a vida mar\u00edtima. Esta intera\u00e7\u00e3o pr\u00f3xima com o p\u00fablico \u00e9 uma forma de aproximar as pessoas da vida naval, ao mesmo tempo que promove uma experi\u00eancia cultural enriquecedora.<\/p>\n<p><strong>A import\u00e2ncia da visita<\/strong><\/p>\n<p>A visita do ARA \u201cLibertad\u201d a Salvador \u00e9 mais que um evento isolado. Ela destaca a conex\u00e3o profunda entre Brasil e Argentina, servindo como uma representa\u00e7\u00e3o f\u00edsica do compromisso m\u00fatuo em manter uma coopera\u00e7\u00e3o naval saud\u00e1vel e produtiva. A visita, repleta de cerim\u00f4nias, respeito m\u00fatuo e trocas culturais, lembra a todos o valor da uni\u00e3o e coopera\u00e7\u00e3o internacional.<\/p>\n<p>Fonte: Defesa em Foco<\/p>\n","protected":false},"excerpt":{"rendered":"<p>O porto de Salvador recebeu entre os dias 6 e 9 de junho uma visita memor\u00e1vel e imponente. O\u00a0Navio ARA \u201cLibertad\u201d, orgulho da Armada Argentina,&#8230;<\/p>\n","protected":false},"author":1527,"featured_media":45881,"comment_status":"closed","ping_status":"closed","sticky":false,"template":"","format":"standard","meta":{"footnotes":""},"categories":[6],"tags":[],"class_list":["post-45880","post","type-post","status-publish","format-standard","has-post-thumbnail","hentry","category-noticias"],"_links":{"self":[{"href":"https:\/\/www.sincomam.org.br\/index.php\/wp-json\/wp\/v2\/posts\/45880","targetHints":{"allow":["GET"]}}],"collection":[{"href":"https:\/\/www.sincomam.org.br\/index.php\/wp-json\/wp\/v2\/posts"}],"about":[{"href":"https:\/\/www.sincomam.org.br\/index.php\/wp-json\/wp\/v2\/types\/post"}],"author":[{"embeddable":true,"href":"https:\/\/www.sincomam.org.br\/index.php\/wp-json\/wp\/v2\/users\/1527"}],"replies":[{"embeddable":true,"href":"https:\/\/www.sincomam.org.br\/index.php\/wp-json\/wp\/v2\/comments?post=45880"}],"version-history":[{"count":1,"href":"https:\/\/www.sincomam.org.br\/index.php\/wp-json\/wp\/v2\/posts\/45880\/revisions"}],"predecessor-version":[{"id":45882,"href":"https:\/\/www.sincomam.org.br\/index.php\/wp-json\/wp\/v2\/posts\/45880\/revisions\/45882"}],"wp:featuredmedia":[{"embeddable":true,"href":"https:\/\/www.sincomam.org.br\/index.php\/wp-json\/wp\/v2\/media\/45881"}],"wp:attachment":[{"href":"https:\/\/www.sincomam.org.br\/index.php\/wp-json\/wp\/v2\/media?parent=45880"}],"wp:term":[{"taxonomy":"category","embeddable":true,"href":"https:\/\/www.sincomam.org.br\/index.php\/wp-json\/wp\/v2\/categories?post=45880"},{"taxonomy":"post_tag","embeddable":true,"href":"https:\/\/www.sincomam.org.br\/index.php\/wp-json\/wp\/v2\/tags?post=45880"}],"curies":[{"name":"wp","href":"https:\/\/api.w.org\/{rel}","templated":true}]}}