{"id":45851,"date":"2023-06-13T09:47:01","date_gmt":"2023-06-13T12:47:01","guid":{"rendered":"http:\/\/www.sincomam.org.br\/?p=45851"},"modified":"2023-06-13T09:47:01","modified_gmt":"2023-06-13T12:47:01","slug":"transpetro-completa-25-anos-com-projeto-de-construir-navios","status":"publish","type":"post","link":"https:\/\/www.sincomam.org.br\/index.php\/transpetro-completa-25-anos-com-projeto-de-construir-navios\/","title":{"rendered":"Transpetro completa 25 anos com projeto de construir navios"},"content":{"rendered":"<p>O presidente da Petrobras, Jean Paul Prates, e os diretores Claudio Schlosser (Log\u00edstica, Comercializa\u00e7\u00e3o e Mercados) e William Fran\u00e7a da Silva (Processos Industriais e Produtos) participaram nesta segunda-feira (12) da cerim\u00f4nia de comemora\u00e7\u00e3o dos 25 anos de sua subsidi\u00e1ria Transpetro. Realizado em Angra dos Reis (RJ), o evento reuniu cerca de 500 convidados, sendo dividido em duas etapas distintas, a primeira a bordo do navio Carlos Drummond de Andrade, atracado no p\u00eder da empresa, e a segunda no Terminal Aquavi\u00e1rio de Angra dos Reis (Tebig).<\/p>\n<p>Comandado pelo presidente da Transpetro, Sergio Bacci, o evento contou com a participa\u00e7\u00e3o dos diretores da subsidi\u00e1ria da Petrobras Fernando Mascarenhas (Financeiro), Jones Alexandre Soares (Transporte Mar\u00edtimos, Dutos e Terminais) e Jair Toledo de Souza (Engenharia e Tecnologia Mar\u00edtima e Terrestre). Tamb\u00e9m estiveram presentes o presidente do Conselho de Administra\u00e7\u00e3o da Transpetro, Paulo Jos\u00e9 Alves, o comandante do navio Carlos Drummond de Andrade, Alex Pequeno, o secret\u00e1rio Aur\u00e9lio Marques (Desenvolvimento Econ\u00f4mico de Angra dos Reis) e as deputadas estaduais C\u00e9lia Jord\u00e3o, Elika Takimoto e Ver\u00f4nica dos Santos Lima, al\u00e9m de Deyvid Bacellar, membro do Conselho de Desenvolvimento Econ\u00f4mico e Social do governo federal e coordenador geral da Federa\u00e7\u00e3o \u00danica dos Petroleiros (FUP), e Sergio Paes, diretor da Federa\u00e7\u00e3o Nacional dos petroleiros (FNP).<\/p>\n<p>Em seu discurso durante a solenidade, Prates destacou o papel da Transpetro, a import\u00e2ncia dos 25 anos de atua\u00e7\u00e3o da empresa e a forte contribui\u00e7\u00e3o de toda for\u00e7a de trabalho. O presidente da Petrobras voltou a afirmar que a Transpetro j\u00e1 desenvolve atua\u00e7\u00e3o importante no processo de transi\u00e7\u00e3o energ\u00e9tica e sua relev\u00e2ncia crescer\u00e1 ainda mais.<\/p>\n<p>\u201cTemos essa pot\u00eancia chamada Transpetro, que \u00e9 feita por voc\u00eas e por todos n\u00f3s, e que cada vez ir\u00e1 crescer mais. O que vem pela frente para a Petrobras e a Transpetro \u00e9 o crescimento por capilariza\u00e7\u00e3o e diversifica\u00e7\u00e3o. N\u00f3s j\u00e1 temos presen\u00e7a em todo o Brasil e precisamos ser n\u00e3o s\u00f3 a maior, mas a melhor empresa de log\u00edstica de petr\u00f3leo, derivados e fontes de energias renov\u00e1veis. Precisamos que a Transpetro se prepare para esse futuro tanto quanto a Petrobras est\u00e1 se preparando\u201d, afirmou Prates.<\/p>\n<p>O presidente da Transpetro, S\u00e9rgio Bacci, refor\u00e7ou que a empresa retomar\u00e1 os investimentos direcionados \u00e0 contrata\u00e7\u00e3o de novos navios. A iniciativa visa atender principalmente a demanda da Petrobras.<\/p>\n<p>\u201c\u00c9 um dia de celebra\u00e7\u00e3o, de lembrar toda a trajet\u00f3ria da Transpetro em terra e no mar. A Transpetro \u00e9 respons\u00e1vel por garantir que as pessoas se locomovam. A empresa n\u00e3o ser\u00e1 privatizada e n\u00e3o vamos vender mais nenhum ativo. O futuro da Transpetro continuar\u00e1 ligado ao desenvolovimento do pa\u00eds e voltaremos a investir fortemente\u201d, declarou Bacci.<\/p>\n<p>O diretor Cl\u00e1udio Schlosser destacou o trabalho integrado de sucesso entre a Petrobras e a Transpetro. \u201cSe a Petrobras \u00e9 o cora\u00e7\u00e3o, a Transpetro \u00e9 as art\u00e9rias que abastecem esse pa\u00eds todo. Um n\u00e3o vive sem o outro\u201d, afirmou o diretor.<\/p>\n<p>Durante a cerim\u00f4nia, Prates e Bacci descerraram a placa comemorativa dos 25 anos da Transpetro. O evento contou ainda com apresenta\u00e7\u00e3o da Orquestra Petrobras Sinf\u00f4nica, patrocinada pela Petrobras e foi transmitido ao vivo para toda a for\u00e7a de trabalho da Transpetro, conectando mais de 14 mil colaboradores em terra e no mar.<\/p>\n<p>Transpetro<\/p>\n<p>Operando 49 terminais (28 aquavi\u00e1rios e 21 terrestres), 7,7 mil quil\u00f4metros de oleodutos, 5,1 quil\u00f4metros de gasodutos e 36 navios, a Transpetro \u00e9 a maior subsidi\u00e1ria da Petrobras. A empresa \u00e9 a maior companhia de log\u00edstica multimodal de petr\u00f3leo e derivados da Am\u00e9rica Latina.<\/p>\n<p>A Transpetro presta servi\u00e7os a distribuidoras, \u00e0 ind\u00fastria petroqu\u00edmica e demais empresas do setor de \u00f3leo e g\u00e1s. A carteira da subsidi\u00e1ria da Petrobras conta com mais de 130 clientes.<\/p>\n<p>O Tebig, onde foi realizada a segunda parte da cerim\u00f4nia, \u00e9 respons\u00e1vel por cerca de 90% de todo petr\u00f3leo exportado pela Petrobras. Em janeiro, o terminal registrou recorde hist\u00f3rico de opera\u00e7\u00e3o de navios, com a marca de 51 atraca\u00e7\u00f5es.<\/p>\n<div class=\"addtoany_container\">Fonte: Portos e Navios<\/div>\n","protected":false},"excerpt":{"rendered":"<p>O presidente da Petrobras, Jean Paul Prates, e os diretores Claudio Schlosser (Log\u00edstica, Comercializa\u00e7\u00e3o e Mercados) e William Fran\u00e7a da Silva (Processos Industriais e Produtos)&#8230;<\/p>\n","protected":false},"author":1527,"featured_media":45852,"comment_status":"closed","ping_status":"closed","sticky":false,"template":"","format":"standard","meta":{"footnotes":""},"categories":[6],"tags":[],"class_list":["post-45851","post","type-post","status-publish","format-standard","has-post-thumbnail","hentry","category-noticias"],"_links":{"self":[{"href":"https:\/\/www.sincomam.org.br\/index.php\/wp-json\/wp\/v2\/posts\/45851","targetHints":{"allow":["GET"]}}],"collection":[{"href":"https:\/\/www.sincomam.org.br\/index.php\/wp-json\/wp\/v2\/posts"}],"about":[{"href":"https:\/\/www.sincomam.org.br\/index.php\/wp-json\/wp\/v2\/types\/post"}],"author":[{"embeddable":true,"href":"https:\/\/www.sincomam.org.br\/index.php\/wp-json\/wp\/v2\/users\/1527"}],"replies":[{"embeddable":true,"href":"https:\/\/www.sincomam.org.br\/index.php\/wp-json\/wp\/v2\/comments?post=45851"}],"version-history":[{"count":1,"href":"https:\/\/www.sincomam.org.br\/index.php\/wp-json\/wp\/v2\/posts\/45851\/revisions"}],"predecessor-version":[{"id":45853,"href":"https:\/\/www.sincomam.org.br\/index.php\/wp-json\/wp\/v2\/posts\/45851\/revisions\/45853"}],"wp:featuredmedia":[{"embeddable":true,"href":"https:\/\/www.sincomam.org.br\/index.php\/wp-json\/wp\/v2\/media\/45852"}],"wp:attachment":[{"href":"https:\/\/www.sincomam.org.br\/index.php\/wp-json\/wp\/v2\/media?parent=45851"}],"wp:term":[{"taxonomy":"category","embeddable":true,"href":"https:\/\/www.sincomam.org.br\/index.php\/wp-json\/wp\/v2\/categories?post=45851"},{"taxonomy":"post_tag","embeddable":true,"href":"https:\/\/www.sincomam.org.br\/index.php\/wp-json\/wp\/v2\/tags?post=45851"}],"curies":[{"name":"wp","href":"https:\/\/api.w.org\/{rel}","templated":true}]}}