{"id":45837,"date":"2023-06-12T09:15:59","date_gmt":"2023-06-12T12:15:59","guid":{"rendered":"http:\/\/www.sincomam.org.br\/?p=45837"},"modified":"2023-06-12T09:15:59","modified_gmt":"2023-06-12T12:15:59","slug":"desfile-aeronaval-celebra-dia-da-marinha-no-rio-de-janeiro","status":"publish","type":"post","link":"https:\/\/www.sincomam.org.br\/index.php\/desfile-aeronaval-celebra-dia-da-marinha-no-rio-de-janeiro\/","title":{"rendered":"Desfile Aeronaval celebra Dia da Marinha no Rio de Janeiro"},"content":{"rendered":"<p>No dia 11 de junho, para celebrar o\u00a0Dia da Marinha, um impressionante desfile naval e aeronaval cruzou a orla do Rio de Janeiro, proporcionando um espet\u00e1culo majestoso para a popula\u00e7\u00e3o. O desfile teve in\u00edcio na manh\u00e3 de domingo, no Recreio dos Bandeirantes, na Zona Oeste, e terminou no Forte do Leme, na Zona Sul. Doze navios e oito aeronaves, incluindo a \u201cSuper Cougar\u201d (UH-15), atravessaram o c\u00e9u carioca, deslumbrando os presentes com a grandeza e sofistica\u00e7\u00e3o do aparato militar brasileiro.<\/p>\n<p><strong>Dia da Marinha: Homenagem a Her\u00f3is Nacionais<\/strong><\/p>\n<p>O Dia da Marinha representa um momento especial no calend\u00e1rio da\u00a0For\u00e7a Naval Brasileira. Nessa data, comemoram-se os feitos heroicos daqueles que, h\u00e1 158 anos, lutaram na Batalha Naval do Riachuelo, um marco decisivo na hist\u00f3ria dos conflitos armados da Am\u00e9rica do Sul.<\/p>\n<p>A\u00a0Parada Naval, que ocorre h\u00e1 d\u00e9cadas, tem como objetivo mostrar \u00e0 popula\u00e7\u00e3o os navios e aeronaves da Marinha do Brasil (MB), que protegem nosso territ\u00f3rio e as riquezas da Amaz\u00f4nia Azul. Al\u00e9m disso, \u00e9 uma ocasi\u00e3o para relembrar o legado de nossos antecessores e ressaltar a import\u00e2ncia de se possuir uma Marinha preparada e capacitada para defender a soberania e proteger os interesses nacionais.<\/p>\n<p><strong>Comandante Andr\u00e9 Luiz Andrade Felix Comenta o Evento<\/strong><\/p>\n<p>De acordo com o\u00a0Comandante da 2\u00aa Divis\u00e3o da Esquadra e Comandante do Grupo-Tarefa da Parada Naval, Contra-Almirante Andr\u00e9 Luiz Andrade Felix, um dos principais prop\u00f3sitos do evento nesta data \u00e9 mostrar a Marinha \u00e0 sociedade. Felix ressalta a import\u00e2ncia de proteger nossos mares e rios, estradas mar\u00edtimas e fluviais que abrem o pa\u00eds para o mundo, al\u00e9m de conterem incont\u00e1veis riquezas.<\/p>\n<p><strong>Navios e Aeronaves Participantes e Visita\u00e7\u00e3o ao Navio-Veleiro \u201cCisne Branco\u201d<\/strong><\/p>\n<p>Entre as aeronaves presentes estavam duas UH-12 \u201cEsquilo\u201d, dois UH-15 \u201cSuper Cougar\u201d, um SH-16 \u201cSeahawk\u201d, um AH-11B \u201cWild Lynx\u201d e duas aeronaves de asa fixa AF-1 \u201cSkyhawk\u201d. Entre os navios, estavam a Fragata \u201cDefensora\u201d, Fragata \u201cConstitui\u00e7\u00e3o\u201d, Fragata \u201cLiberal\u201d, Fragata \u201cUni\u00e3o\u201d, Fragata \u201cRademaker\u201d, Corveta \u201cJ\u00falio de Noronha\u201d, Navio-Patrulha \u201cGurup\u00e1\u201d, Navio-Patrulha \u201cMaca\u00e9\u201d, Navio-Patrulha Oce\u00e2nico \u201cAmazonas\u201d, Submarino \u201cTikuna\u201d, Navio de Socorro Submarino \u201cGuillobel\u201d e Navio-Hidroceanogr\u00e1fico \u201cTaurus\u201d.<\/p>\n<p>A visita\u00e7\u00e3o p\u00fablica ao\u00a0Navio-Veleiro (NVe) \u201cCisne Branco\u201d\u00a0foi aberta at\u00e9 o dia 13 de junho, de forma gratuita, no Museu do Amanh\u00e3. A partir do dia 15 de junho, o navio se deslocar\u00e1 at\u00e9 o Espa\u00e7o Cultural da Marinha, na Pra\u00e7a XV, aberto \u00e0 visita\u00e7\u00e3o de 16 a 18 de junho.<\/p>\n","protected":false},"excerpt":{"rendered":"<p>No dia 11 de junho, para celebrar o\u00a0Dia da Marinha, um impressionante desfile naval e aeronaval cruzou a orla do Rio de Janeiro, proporcionando um&#8230;<\/p>\n","protected":false},"author":1527,"featured_media":45838,"comment_status":"closed","ping_status":"closed","sticky":false,"template":"","format":"standard","meta":{"footnotes":""},"categories":[6],"tags":[],"class_list":["post-45837","post","type-post","status-publish","format-standard","has-post-thumbnail","hentry","category-noticias"],"_links":{"self":[{"href":"https:\/\/www.sincomam.org.br\/index.php\/wp-json\/wp\/v2\/posts\/45837","targetHints":{"allow":["GET"]}}],"collection":[{"href":"https:\/\/www.sincomam.org.br\/index.php\/wp-json\/wp\/v2\/posts"}],"about":[{"href":"https:\/\/www.sincomam.org.br\/index.php\/wp-json\/wp\/v2\/types\/post"}],"author":[{"embeddable":true,"href":"https:\/\/www.sincomam.org.br\/index.php\/wp-json\/wp\/v2\/users\/1527"}],"replies":[{"embeddable":true,"href":"https:\/\/www.sincomam.org.br\/index.php\/wp-json\/wp\/v2\/comments?post=45837"}],"version-history":[{"count":1,"href":"https:\/\/www.sincomam.org.br\/index.php\/wp-json\/wp\/v2\/posts\/45837\/revisions"}],"predecessor-version":[{"id":45839,"href":"https:\/\/www.sincomam.org.br\/index.php\/wp-json\/wp\/v2\/posts\/45837\/revisions\/45839"}],"wp:featuredmedia":[{"embeddable":true,"href":"https:\/\/www.sincomam.org.br\/index.php\/wp-json\/wp\/v2\/media\/45838"}],"wp:attachment":[{"href":"https:\/\/www.sincomam.org.br\/index.php\/wp-json\/wp\/v2\/media?parent=45837"}],"wp:term":[{"taxonomy":"category","embeddable":true,"href":"https:\/\/www.sincomam.org.br\/index.php\/wp-json\/wp\/v2\/categories?post=45837"},{"taxonomy":"post_tag","embeddable":true,"href":"https:\/\/www.sincomam.org.br\/index.php\/wp-json\/wp\/v2\/tags?post=45837"}],"curies":[{"name":"wp","href":"https:\/\/api.w.org\/{rel}","templated":true}]}}