{"id":45819,"date":"2023-06-09T11:28:37","date_gmt":"2023-06-09T14:28:37","guid":{"rendered":"http:\/\/www.sincomam.org.br\/?p=45819"},"modified":"2023-06-09T11:28:37","modified_gmt":"2023-06-09T14:28:37","slug":"audiencia-publica-para-primeira-arr-da-antaq-acontecera-no-dia-16-de-junho","status":"publish","type":"post","link":"https:\/\/www.sincomam.org.br\/index.php\/audiencia-publica-para-primeira-arr-da-antaq-acontecera-no-dia-16-de-junho\/","title":{"rendered":"Audi\u00eancia p\u00fablica para primeira ARR da ANTAQ acontecer\u00e1 no dia 16 de junho"},"content":{"rendered":"<p class=\"xmsonormal\">A Consulta P\u00fablica 02\/2023, que tratar\u00e1 da an\u00e1lise do relat\u00f3rio e nota t\u00e9cnica para elabora\u00e7\u00e3o da Avalia\u00e7\u00e3o de Resultado Regulat\u00f3rio (ARR) da\u00a0<a href=\"http:\/\/sophia.antaq.gov.br\/terminal\/acervo\/detalhe\/18861\" target=\"_blank\" rel=\"noopener\" data-tippreview-enabled=\"false\" data-tippreview-image=\"\" data-tippreview-title=\"\">Resolu\u00e7\u00e3o Normativa (RN) ANTAQ 13\/2016<\/a>\u00a0ser\u00e1 realizada no dia 16 de junho. A data e hor\u00e1rio foram publicados no<a class=\"external-link\" title=\"\" href=\"https:\/\/pesquisa.in.gov.br\/imprensa\/jsp\/visualiza\/index.jsp?data=07\/06\/2023&amp;jornal=515&amp;pagina=154\" target=\"_blank\" rel=\"noopener\" data-tippreview-enabled=\"false\" data-tippreview-image=\"\" data-tippreview-title=\"\">\u00a0Di\u00e1rio Oficial da Uni\u00e3o\u00a0<\/a>(DOU) desta quarta-feira (07).<\/p>\n<p class=\"xmsonormal\">Essa ser\u00e1 a primeira consulta p\u00fablica promovida pela ANTAQ que tratar\u00e1 de resultados de ARR. Trata-se de um novo instrumento, somando-se \u00e0 An\u00e1lise de Impacto Regulat\u00f3rio (AIR), que objetiva trazer maior matura\u00e7\u00e3o do ciclo das pol\u00edticas regulat\u00f3rias da Ag\u00eancia.<\/p>\n<p class=\"xmsonormal\">O objetivo desta ARR \u00e9 trazer uma avalia\u00e7\u00e3o da norma consolidada pela autarquia em outubro de 2016. A RN-13 da ANTAQ estabelece os procedimentos para o registro de instala\u00e7\u00f5es de apoio ao transporte aquavi\u00e1rio junto \u00e0 ANTAQ, e as obriga\u00e7\u00f5es para a presta\u00e7\u00e3o de servi\u00e7o adequado. Tamb\u00e9m define as respectivas infra\u00e7\u00f5es administrativas.<\/p>\n<p class=\"xmsonormal\">Ser\u00e1 poss\u00edvel acompanhar toda a audi\u00eancia pelo\u00a0<a class=\"external-link\" title=\"\" href=\"https:\/\/www.youtube.com\/@CanalANTAQ\" target=\"_blank\" rel=\"noopener\" data-tippreview-enabled=\"false\" data-tippreview-image=\"\" data-tippreview-title=\"\">Canal da ANTAQ no YouTube<\/a>. Os interessados em manifestar-se na audi\u00eancia dever\u00e3o se inscrever pelo aplicativo de mensagens &#8220;Whatsapp&#8221; no n\u00famero (61) 2029-6940. O per\u00edodo de inscri\u00e7\u00e3o ser\u00e1 das 9h \u00e0s 14h do dia 16 de junho de 2023.Os interessados poder\u00e3o enviar sua contribui\u00e7\u00e3o por v\u00eddeo, \u00e1udio ou at\u00e9 mesmo por escrito no &#8220;Whatsapp&#8221;.<\/p>\n<p class=\"dou-paragraph\">Tamb\u00e9m ser\u00e1 poss\u00edvel realizar manifesta\u00e7\u00f5es oralmente entrando na sala de reuni\u00e3o criada no aplicativo &#8220;Teams&#8221;. Para isso, no ato de inscri\u00e7\u00e3o, o interessado dever\u00e1 se manifestar nesse sentido e encaminhar seu endere\u00e7o eletr\u00f4nico de login no &#8220;Teams&#8221; para ser convidado a entrar na sala na sua vez.<\/p>\n<p class=\"xmsonormal\"><b>Primeira ARR<\/b><\/p>\n<p class=\"xmsonormal\">Essa \u00e9 a primeira proposta de ARR da ANTAQ a ser posta em audi\u00eancia p\u00fablica desde o estabelecimento da\u00a0<a href=\"https:\/\/sophia.antaq.gov.br\/terminal\/acervo\/detalhe\/29283?guid=1632417589299&amp;returnUrl=%2Fterminal%2Fresultado%2Flistar%3Fguid%3D1632417589299%26quantidadePaginas%3D5%26codigoRegistro%3D29283%2329283&amp;i=87\" target=\"_blank\" rel=\"noopener\" data-tippreview-enabled=\"false\" data-tippreview-image=\"\" data-tippreview-title=\"\">Resolu\u00e7\u00e3o Normativa ANTAQ 55\/2021<\/a>\u00a0e faz parte da Agenda de Trabalho de ARR aprovado pelo ac\u00f3rd\u00e3o\u00a0<a href=\"https:\/\/juris.antaq.gov.br\/index.php\/2022\/08\/15\/ac-454-2022\/\" target=\"_blank\" rel=\"noopener\" data-tippreview-enabled=\"false\" data-tippreview-image=\"\" data-tippreview-title=\"\">454-2022-ANTAQ<\/a>.<\/p>\n<p class=\"xmsonormal\">A an\u00e1lise foi dividida em seis etapas: Interven\u00e7\u00e3o Regulat\u00f3ria; Dimens\u00f5es do Modelo L\u00f3gico; Avalia\u00e7\u00e3o de Investimentos &#8211; An\u00e1lise de Caso; Custos de Regular; Pesquisa de Satisfa\u00e7\u00e3o; e Atributos do Modelo da Organiza\u00e7\u00e3o para Coopera\u00e7\u00e3o e Desenvolvimento Econ\u00f4mico (OCDE).<\/p>\n<p class=\"xmsonormal\">Entre os elementos avaliados pela ARR est\u00e1 o n\u00famero de instala\u00e7\u00f5es regularizadas; tempo necess\u00e1rio para obter o registro, em compara\u00e7\u00e3o com a autoriza\u00e7\u00e3o; usu\u00e1rios beneficiados; etc.<\/p>\n<p class=\"xmsonormal\">Algumas recomenda\u00e7\u00f5es da ARR s\u00e3o: Eliminar as incertezas, informando quais situa\u00e7\u00f5es n\u00e3o s\u00e3o cab\u00edveis de registro e criando crit\u00e9rios objetivos para melhor enquadramento das instala\u00e7\u00f5es em potencial, as diferenciando dos Terminais de Uso Privado (TUPs) e das Instala\u00e7\u00f5es Portu\u00e1rias P\u00fablicas de Pequeno Porte\u00a0(IP4s); e viabilizar os registros para infraestruturas de baixo impacto concorrencial, porte operacional, baixo investimento e relev\u00e2ncia econ\u00f4mica local.<\/p>\n<p class=\"xmsonormal\"><b>Diretrizes a Consulta P\u00fablica<\/b><\/p>\n<p class=\"xmsonormal\">As minutas jur\u00eddicas e os documentos t\u00e9cnicos objeto do da audi\u00eancia p\u00fablica est\u00e3o dispon\u00edveis no link\u00a0<a href=\"https:\/\/www.gov.br\/antaq\/pt-br\/acesso-a-informacao\/participacao-social\/audiencias-e-consultas-publicas\" target=\"_blank\" rel=\"noopener\" data-tippreview-enabled=\"false\" data-tippreview-image=\"\" data-tippreview-title=\"\">Participa\u00e7\u00e3o Social<\/a>.\u00a0O per\u00edodo de contribui\u00e7\u00e3o da Conuslta P\u00fablica 02\/2023, por sua vez, ser\u00e1 at\u00e9 \u00e0s 23h59 do dia 21\/06\/2023, exclusivamente por meio e na forma do formul\u00e1rio eletr\u00f4nico dispon\u00edvel no s\u00edtio\u00a0<a href=\"https:\/\/www.gov.br\/antaq\/pt-br\">https:\/\/www.gov.br\/antaq\/pt-br<\/a>.<\/p>\n<p class=\"xmsonormal\">Atrav\u00e9s do e-mail anexo_audiencia022023@antaq.gov.br, ser\u00e1 permito anexar imagens digitais, tais como mapas, plantas e fotos, sendo que as contribui\u00e7\u00f5es em texto dever\u00e3o ser preenchidas nos campos apropriados do formul\u00e1rio eletr\u00f4nico.<\/p>\n<p class=\"xmsonormal\">Caso o interessado n\u00e3o disponha dos recursos necess\u00e1rios para o envio da contribui\u00e7\u00e3o por meio do formul\u00e1rio eletr\u00f4nico, poder\u00e1 faz\u00ea-lo utilizando o computador da Secretaria-Geral (SGE) desta Ag\u00eancia, em Bras\u00edlia\/DF, ou nas suas Unidades Regionais, cujos endere\u00e7os se encontram dispon\u00edveis no s\u00edtio da ANTAQ.<\/p>\n<p>Fonte: Antaq<\/p>\n","protected":false},"excerpt":{"rendered":"<p>A Consulta P\u00fablica 02\/2023, que tratar\u00e1 da an\u00e1lise do relat\u00f3rio e nota t\u00e9cnica para elabora\u00e7\u00e3o da Avalia\u00e7\u00e3o de Resultado Regulat\u00f3rio (ARR) da\u00a0Resolu\u00e7\u00e3o Normativa (RN) ANTAQ&#8230;<\/p>\n","protected":false},"author":1527,"featured_media":45820,"comment_status":"closed","ping_status":"closed","sticky":false,"template":"","format":"standard","meta":{"footnotes":""},"categories":[6],"tags":[],"class_list":["post-45819","post","type-post","status-publish","format-standard","has-post-thumbnail","hentry","category-noticias"],"_links":{"self":[{"href":"https:\/\/www.sincomam.org.br\/index.php\/wp-json\/wp\/v2\/posts\/45819","targetHints":{"allow":["GET"]}}],"collection":[{"href":"https:\/\/www.sincomam.org.br\/index.php\/wp-json\/wp\/v2\/posts"}],"about":[{"href":"https:\/\/www.sincomam.org.br\/index.php\/wp-json\/wp\/v2\/types\/post"}],"author":[{"embeddable":true,"href":"https:\/\/www.sincomam.org.br\/index.php\/wp-json\/wp\/v2\/users\/1527"}],"replies":[{"embeddable":true,"href":"https:\/\/www.sincomam.org.br\/index.php\/wp-json\/wp\/v2\/comments?post=45819"}],"version-history":[{"count":1,"href":"https:\/\/www.sincomam.org.br\/index.php\/wp-json\/wp\/v2\/posts\/45819\/revisions"}],"predecessor-version":[{"id":45821,"href":"https:\/\/www.sincomam.org.br\/index.php\/wp-json\/wp\/v2\/posts\/45819\/revisions\/45821"}],"wp:featuredmedia":[{"embeddable":true,"href":"https:\/\/www.sincomam.org.br\/index.php\/wp-json\/wp\/v2\/media\/45820"}],"wp:attachment":[{"href":"https:\/\/www.sincomam.org.br\/index.php\/wp-json\/wp\/v2\/media?parent=45819"}],"wp:term":[{"taxonomy":"category","embeddable":true,"href":"https:\/\/www.sincomam.org.br\/index.php\/wp-json\/wp\/v2\/categories?post=45819"},{"taxonomy":"post_tag","embeddable":true,"href":"https:\/\/www.sincomam.org.br\/index.php\/wp-json\/wp\/v2\/tags?post=45819"}],"curies":[{"name":"wp","href":"https:\/\/api.w.org\/{rel}","templated":true}]}}