{"id":45779,"date":"2023-06-07T09:44:14","date_gmt":"2023-06-07T12:44:14","guid":{"rendered":"http:\/\/www.sincomam.org.br\/?p=45779"},"modified":"2023-06-07T09:52:19","modified_gmt":"2023-06-07T12:52:19","slug":"farol-da-barra-vencedor-do-premio-farol-patrimonio-do-ano","status":"publish","type":"post","link":"https:\/\/www.sincomam.org.br\/index.php\/farol-da-barra-vencedor-do-premio-farol-patrimonio-do-ano\/","title":{"rendered":"Farol da Barra: Vencedor do Pr\u00eamio Farol Patrim\u00f4nio do Ano"},"content":{"rendered":"<p>O\u00a0Farol Santo Ant\u00f4nio, popularmente conhecido como \u201cFarol da Barra\u201d, \u00e9 mais do que um marco da beleza de Salvador. Este s\u00edmbolo da capital baiana ganhou no dia 5 de junho o Pr\u00eamio Farol Patrim\u00f4nio do Ano (IALA Heritage Lighthouse of the Year-2020). A distin\u00e7\u00e3o reconhece o trabalho desenvolvido em \u00e1reas como conserva\u00e7\u00e3o, acesso ao p\u00fablico e educa\u00e7\u00e3o, destacando os far\u00f3is mais importantes do mundo.<\/p>\n<p>Operado pelo Servi\u00e7o de Sinaliza\u00e7\u00e3o N\u00e1utica do Leste, o Farol da Barra \u2013 o mais antigo em opera\u00e7\u00e3o na costa brasileira \u2013 se destacou como o \u201cIALA Heritage Lighthouse of the Year\u201d, em 2020, gra\u00e7as \u00e0 excel\u00eancia de sua sinaliza\u00e7\u00e3o mar\u00edtima e \u00e0 significativa contribui\u00e7\u00e3o para a seguran\u00e7a da navega\u00e7\u00e3o.<\/p>\n<p><strong>A Escolha do Farol da Barra<\/strong><\/p>\n<p>O processo de escolha do pr\u00eamio \u00e9 rigoroso e abrangente, envolvendo far\u00f3is de 16 pa\u00edses, como \u00cdndia, Jap\u00e3o, Reino Unido e Portugal. Segundo o Secret\u00e1rio-Geral da IALA, Francis Zachariae, um grupo de especialistas em far\u00f3is avalia a arquitetura interna e externa do farol, as fun\u00e7\u00f5es desempenhadas e a import\u00e2ncia do farol para a cultura e a hist\u00f3ria da regi\u00e3o. Al\u00e9m disso, a quantidade de pessoas que acessam e aprendem com o patrim\u00f4nio hist\u00f3rico-cultural tamb\u00e9m \u00e9 levada em considera\u00e7\u00e3o.<\/p>\n<p><strong>A Import\u00e2ncia do Pr\u00eamio<\/strong><\/p>\n<p>O Comandante do 2\u00ba Distrito Naval (Com2\u00baDN), Vice-Almirante Antonio Carlos Cambra, salienta que o pr\u00eamio sublinha a responsabilidade que a Marinha tem de preservar o patrim\u00f4nio hist\u00f3rico e o aux\u00edlio \u00e0 navega\u00e7\u00e3o. A distin\u00e7\u00e3o refor\u00e7a a reputa\u00e7\u00e3o da Marinha como institui\u00e7\u00e3o comprometida com a excel\u00eancia e evidencia sua contribui\u00e7\u00e3o para a comunidade mar\u00edtima global.<\/p>\n<p><strong>O Farol da Barra na Lista de Honra<\/strong><\/p>\n<p>Ao receber o pr\u00eamio IALA, o Farol da Barra integra uma prestigiosa lista de far\u00f3is ao redor do mundo que receberam essa distin\u00e7\u00e3o. O pr\u00eamio ser\u00e1 exposto para o p\u00fablico, em um mostru\u00e1rio, pr\u00f3ximo \u00e0 entrada do farol. Al\u00e9m de contribuir para a seguran\u00e7a da navega\u00e7\u00e3o, o pr\u00eamio dissemina o conceito da import\u00e2ncia dos aux\u00edlios \u00e0 navega\u00e7\u00e3o, valorizando a riqueza hist\u00f3rica, arquitet\u00f4nica e cultural do farol.<\/p>\n<p>Fonte: Defesa em Foco<\/p>\n","protected":false},"excerpt":{"rendered":"<p>O\u00a0Farol Santo Ant\u00f4nio, popularmente conhecido como \u201cFarol da Barra\u201d, \u00e9 mais do que um marco da beleza de Salvador. Este s\u00edmbolo da capital baiana ganhou&#8230;<\/p>\n","protected":false},"author":1527,"featured_media":45780,"comment_status":"closed","ping_status":"closed","sticky":false,"template":"","format":"standard","meta":{"footnotes":""},"categories":[6],"tags":[],"class_list":["post-45779","post","type-post","status-publish","format-standard","has-post-thumbnail","hentry","category-noticias"],"_links":{"self":[{"href":"https:\/\/www.sincomam.org.br\/index.php\/wp-json\/wp\/v2\/posts\/45779","targetHints":{"allow":["GET"]}}],"collection":[{"href":"https:\/\/www.sincomam.org.br\/index.php\/wp-json\/wp\/v2\/posts"}],"about":[{"href":"https:\/\/www.sincomam.org.br\/index.php\/wp-json\/wp\/v2\/types\/post"}],"author":[{"embeddable":true,"href":"https:\/\/www.sincomam.org.br\/index.php\/wp-json\/wp\/v2\/users\/1527"}],"replies":[{"embeddable":true,"href":"https:\/\/www.sincomam.org.br\/index.php\/wp-json\/wp\/v2\/comments?post=45779"}],"version-history":[{"count":2,"href":"https:\/\/www.sincomam.org.br\/index.php\/wp-json\/wp\/v2\/posts\/45779\/revisions"}],"predecessor-version":[{"id":45783,"href":"https:\/\/www.sincomam.org.br\/index.php\/wp-json\/wp\/v2\/posts\/45779\/revisions\/45783"}],"wp:featuredmedia":[{"embeddable":true,"href":"https:\/\/www.sincomam.org.br\/index.php\/wp-json\/wp\/v2\/media\/45780"}],"wp:attachment":[{"href":"https:\/\/www.sincomam.org.br\/index.php\/wp-json\/wp\/v2\/media?parent=45779"}],"wp:term":[{"taxonomy":"category","embeddable":true,"href":"https:\/\/www.sincomam.org.br\/index.php\/wp-json\/wp\/v2\/categories?post=45779"},{"taxonomy":"post_tag","embeddable":true,"href":"https:\/\/www.sincomam.org.br\/index.php\/wp-json\/wp\/v2\/tags?post=45779"}],"curies":[{"name":"wp","href":"https:\/\/api.w.org\/{rel}","templated":true}]}}