{"id":45751,"date":"2023-06-05T08:38:13","date_gmt":"2023-06-05T11:38:13","guid":{"rendered":"http:\/\/www.sincomam.org.br\/?p=45751"},"modified":"2023-06-05T08:38:13","modified_gmt":"2023-06-05T11:38:13","slug":"apos-duas-decadas-apm-terminals-nao-ira-renovar-contrato-com-o-porto-de-itajai","status":"publish","type":"post","link":"https:\/\/www.sincomam.org.br\/index.php\/apos-duas-decadas-apm-terminals-nao-ira-renovar-contrato-com-o-porto-de-itajai\/","title":{"rendered":"Ap\u00f3s duas d\u00e9cadas, APM Terminals n\u00e3o ir\u00e1 renovar contrato com o Porto de Itaja\u00ed"},"content":{"rendered":"<p>A APM Terminals, empresa do grupo Maersk, anunciou que n\u00e3o renovar\u00e1 seu contrato transit\u00f3rio com o\u00a0Porto de Itaja\u00ed (SC) por mais seis meses. A partir de 1\u00ba de julho, uma transi\u00e7\u00e3o administrativa e operacional ser\u00e1 iniciada com um novo arrendat\u00e1rio, a ser definido pela autoridade portu\u00e1ria local em um novo processo. Essa decis\u00e3o foi tomada em comum acordo com a autoridade portu\u00e1ria e o munic\u00edpio de Itaja\u00ed, encerrando um ciclo de 22 anos de opera\u00e7\u00e3o como arrendat\u00e1rio no complexo portu\u00e1rio.<\/p>\n<p><strong>Diversos motivos levaram acarretaram para o fim da parceria entre o Porto de Itaja\u00ed e a APM Terminals<\/strong><\/p>\n<p>A decis\u00e3o da APM Terminals de encerrar suas atividades no Porto de Itaja\u00ed ap\u00f3s 22 anos de atua\u00e7\u00e3o deixa a situa\u00e7\u00e3o do porto ainda mais incerta. O prazo final para sua sa\u00edda est\u00e1 definido para 30 de junho. A superintend\u00eancia do porto decidiu n\u00e3o renovar o contrato transit\u00f3rio v\u00e1lido por seis meses, aguardando a defini\u00e7\u00e3o do arrendamento definitivo.<\/p>\n<p>Diante dessa situa\u00e7\u00e3o, a prefeitura, por meio da Superintend\u00eancia do Porto de Itaja\u00ed, informou que lan\u00e7ar\u00e1 um processo licitat\u00f3rio simplificado para celebrar um contrato de arrendamento transit\u00f3rio da \u00e1rea operacional nos ber\u00e7os 1 e 2 do terminal.<\/p>\n<p>O objetivo \u00e9 encontrar um novo parceiro privado para dar continuidade \u00e0s opera\u00e7\u00f5es portu\u00e1rias e movimenta\u00e7\u00f5es de cargas durante esse per\u00edodo transit\u00f3rio, enquanto o Governo Federal elabora o edital de arrendamento das \u00e1reas operacionais do Porto de Itaja\u00ed. A decis\u00e3o da APM Terminals de encerrar suas atividades no porto ressalta a import\u00e2ncia do novo processo de arrendamento para as pr\u00f3ximas d\u00e9cadas.<\/p>\n<p>O prefeito de Itaja\u00ed, Volnei Morastoni (MDB), tem buscado constantemente o Governo Federal desde 2017 para garantir esse novo processo, que trar\u00e1 mais investimentos, prosperidade e desenvolvimento econ\u00f4mico para o porto, a cidade e o Estado de Santa Catarina. O prefeito ter\u00e1 uma audi\u00eancia em Bras\u00edlia (DF) com o ministro dos Portos e Aeroportos, M\u00e1rcio Fran\u00e7a, na pr\u00f3xima semana.<\/p>\n<p><strong>O futuro do Porto de Itaja\u00ed ap\u00f3s a finaliza\u00e7\u00e3o do contrato<\/strong><\/p>\n<p>No processo licitat\u00f3rio simplificado para o contrato de arrendamento transit\u00f3rio, todos os operadores portu\u00e1rios interessados poder\u00e3o participar, desde que atendam \u00e0s condi\u00e7\u00f5es de habilita\u00e7\u00e3o e qualifica\u00e7\u00e3o estabelecidas no edital.<\/p>\n<p>Para a regulariza\u00e7\u00e3o tempor\u00e1ria do uso da \u00e1rea a ser desocupada pela\u00a0APM Terminals, ser\u00e3o seguidos todos os procedimentos legais e obtidas as pr\u00e9vias autoriza\u00e7\u00f5es junto ao Governo Federal, por meio dos \u00f3rg\u00e3os Minist\u00e9rio de Portos e Aeroportos (MPOR), Ag\u00eancia Nacional de Transportes Aquavi\u00e1rios (ANTAQ) e Secretaria Nacional de Portos e Transportes Aquavi\u00e1rios (SNPTA).<\/p>\n<p>A n\u00e3o renova\u00e7\u00e3o do contrato transit\u00f3rio pela APM Terminals e o processo de transi\u00e7\u00e3o para um novo arrendat\u00e1rio marcam uma nova fase para o Porto de Itaja\u00ed. As autoridades locais e o Governo Federal est\u00e3o trabalhando para garantir a continuidade das opera\u00e7\u00f5es portu\u00e1rias e promover o desenvolvimento econ\u00f4mico da regi\u00e3o.<\/p>\n<div id=\"taboola-below-article-thumbnails\" class=\" trc_related_container trc_spotlight_widget tbl-feed-container tbl-feed-frame-DIVIDER  render-late-effect\" data-feed-container-num=\"1\" data-feed-main-container-id=\"taboola-below-article-thumbnails\" data-parent-placement-name=\"Below Article Thumbnails\" data-pub-lang=\"pt\">\n<div class=\" tbl-feed-header tbl-logo-right-position\">\n<div class=\"tbl-feed-header-logo\">Fonte: Petrosolgas<\/div>\n<\/div>\n<\/div>\n","protected":false},"excerpt":{"rendered":"<p>A APM Terminals, empresa do grupo Maersk, anunciou que n\u00e3o renovar\u00e1 seu contrato transit\u00f3rio com o\u00a0Porto de Itaja\u00ed (SC) por mais seis meses. A partir&#8230;<\/p>\n","protected":false},"author":1527,"featured_media":45752,"comment_status":"closed","ping_status":"closed","sticky":false,"template":"","format":"standard","meta":{"footnotes":""},"categories":[6],"tags":[],"class_list":["post-45751","post","type-post","status-publish","format-standard","has-post-thumbnail","hentry","category-noticias"],"_links":{"self":[{"href":"https:\/\/www.sincomam.org.br\/index.php\/wp-json\/wp\/v2\/posts\/45751","targetHints":{"allow":["GET"]}}],"collection":[{"href":"https:\/\/www.sincomam.org.br\/index.php\/wp-json\/wp\/v2\/posts"}],"about":[{"href":"https:\/\/www.sincomam.org.br\/index.php\/wp-json\/wp\/v2\/types\/post"}],"author":[{"embeddable":true,"href":"https:\/\/www.sincomam.org.br\/index.php\/wp-json\/wp\/v2\/users\/1527"}],"replies":[{"embeddable":true,"href":"https:\/\/www.sincomam.org.br\/index.php\/wp-json\/wp\/v2\/comments?post=45751"}],"version-history":[{"count":1,"href":"https:\/\/www.sincomam.org.br\/index.php\/wp-json\/wp\/v2\/posts\/45751\/revisions"}],"predecessor-version":[{"id":45753,"href":"https:\/\/www.sincomam.org.br\/index.php\/wp-json\/wp\/v2\/posts\/45751\/revisions\/45753"}],"wp:featuredmedia":[{"embeddable":true,"href":"https:\/\/www.sincomam.org.br\/index.php\/wp-json\/wp\/v2\/media\/45752"}],"wp:attachment":[{"href":"https:\/\/www.sincomam.org.br\/index.php\/wp-json\/wp\/v2\/media?parent=45751"}],"wp:term":[{"taxonomy":"category","embeddable":true,"href":"https:\/\/www.sincomam.org.br\/index.php\/wp-json\/wp\/v2\/categories?post=45751"},{"taxonomy":"post_tag","embeddable":true,"href":"https:\/\/www.sincomam.org.br\/index.php\/wp-json\/wp\/v2\/tags?post=45751"}],"curies":[{"name":"wp","href":"https:\/\/api.w.org\/{rel}","templated":true}]}}