{"id":45719,"date":"2023-06-02T07:33:34","date_gmt":"2023-06-02T10:33:34","guid":{"rendered":"http:\/\/www.sincomam.org.br\/?p=45719"},"modified":"2023-06-02T07:33:34","modified_gmt":"2023-06-02T10:33:34","slug":"antaq-aprova-primeira-proposta-de-reajuste-tarifario-da-vports","status":"publish","type":"post","link":"https:\/\/www.sincomam.org.br\/index.php\/antaq-aprova-primeira-proposta-de-reajuste-tarifario-da-vports\/","title":{"rendered":"ANTAQ aprova primeira proposta de reajuste tarif\u00e1rio da Vports"},"content":{"rendered":"<p>A diretoria da Ag\u00eancia Nacional de Transportes Aquavi\u00e1rios (ANTAQ) aprovou a primeira proposta de reajuste tarif\u00e1rio da Vports, arrendat\u00e1ria dos Portos de Vit\u00f3ria e Barra do Riacho, no Esp\u00edrito Santo. A aprova\u00e7\u00e3o aconteceu na Reuni\u00e3o Ordin\u00e1ria de Diretoria (ROD) desta semana.<\/p>\n<p>Em seu voto, a relatora do processo, diretora Fl\u00e1via Takafashi, declarou que a proposi\u00e7\u00e3o da concession\u00e1ria atende aos requisitos do Contrato de Concess\u00e3o n\u00ba 01\/2022. A altera\u00e7\u00e3o que merece destaque em rela\u00e7\u00e3o \u00e0 proposta feita pela Vports trata da cobran\u00e7a do Vessel Traffic Management Information System (VTMIS),<\/p>\n<p>O VTMIS \u00e9 um sistema de Gerenciamento e Informa\u00e7\u00e3o do Tr\u00e1fego de Embarca\u00e7\u00f5es que busca melhorar a efici\u00eancia da movimenta\u00e7\u00e3o de cargas, utiliza\u00e7\u00e3o dos recursos e infraestrutura do Porto de Vit\u00f3ria, al\u00e9m da organiza\u00e7\u00e3o do tr\u00e1fego aquavi\u00e1rio na \u00e1rea de fundeio e no canal de acesso.<\/p>\n<p>\u201cDeterminar \u00e0 Concession\u00e1ria dos Portos de Vit\u00f3ria e Barra do Riacho (VPorts) que fixe o pre\u00e7o m\u00e9dio como valor a ser cobrado dos usu\u00e1rios \u00e0 t\u00edtulo da rubrica de VTMIS constante da Tabela I, que para o presente caso foi de R$ 12.104,29, respeitando a isonomia entre os usu\u00e1rios do servi\u00e7o e realizando a cobran\u00e7a por unidade de embarca\u00e7\u00e3o e de forma desvinculada do porte do navio\u201d, escreveu Takafashi em seu voto.<\/p>\n<p>Fonte: Antaq<\/p>\n","protected":false},"excerpt":{"rendered":"<p>A diretoria da Ag\u00eancia Nacional de Transportes Aquavi\u00e1rios (ANTAQ) aprovou a primeira proposta de reajuste tarif\u00e1rio da Vports, arrendat\u00e1ria dos Portos de Vit\u00f3ria e Barra&#8230;<\/p>\n","protected":false},"author":1527,"featured_media":45720,"comment_status":"closed","ping_status":"closed","sticky":false,"template":"","format":"standard","meta":{"footnotes":""},"categories":[6],"tags":[],"class_list":["post-45719","post","type-post","status-publish","format-standard","has-post-thumbnail","hentry","category-noticias"],"_links":{"self":[{"href":"https:\/\/www.sincomam.org.br\/index.php\/wp-json\/wp\/v2\/posts\/45719","targetHints":{"allow":["GET"]}}],"collection":[{"href":"https:\/\/www.sincomam.org.br\/index.php\/wp-json\/wp\/v2\/posts"}],"about":[{"href":"https:\/\/www.sincomam.org.br\/index.php\/wp-json\/wp\/v2\/types\/post"}],"author":[{"embeddable":true,"href":"https:\/\/www.sincomam.org.br\/index.php\/wp-json\/wp\/v2\/users\/1527"}],"replies":[{"embeddable":true,"href":"https:\/\/www.sincomam.org.br\/index.php\/wp-json\/wp\/v2\/comments?post=45719"}],"version-history":[{"count":1,"href":"https:\/\/www.sincomam.org.br\/index.php\/wp-json\/wp\/v2\/posts\/45719\/revisions"}],"predecessor-version":[{"id":45721,"href":"https:\/\/www.sincomam.org.br\/index.php\/wp-json\/wp\/v2\/posts\/45719\/revisions\/45721"}],"wp:featuredmedia":[{"embeddable":true,"href":"https:\/\/www.sincomam.org.br\/index.php\/wp-json\/wp\/v2\/media\/45720"}],"wp:attachment":[{"href":"https:\/\/www.sincomam.org.br\/index.php\/wp-json\/wp\/v2\/media?parent=45719"}],"wp:term":[{"taxonomy":"category","embeddable":true,"href":"https:\/\/www.sincomam.org.br\/index.php\/wp-json\/wp\/v2\/categories?post=45719"},{"taxonomy":"post_tag","embeddable":true,"href":"https:\/\/www.sincomam.org.br\/index.php\/wp-json\/wp\/v2\/tags?post=45719"}],"curies":[{"name":"wp","href":"https:\/\/api.w.org\/{rel}","templated":true}]}}