{"id":45713,"date":"2023-06-02T07:24:53","date_gmt":"2023-06-02T10:24:53","guid":{"rendered":"http:\/\/www.sincomam.org.br\/?p=45713"},"modified":"2023-06-02T07:24:53","modified_gmt":"2023-06-02T10:24:53","slug":"receita-recebeu-411-milhoes-de-declaracoes-de-imposto-de-renda","status":"publish","type":"post","link":"https:\/\/www.sincomam.org.br\/index.php\/receita-recebeu-411-milhoes-de-declaracoes-de-imposto-de-renda\/","title":{"rendered":"Receita recebeu 41,1 milh\u00f5es de declara\u00e7\u00f5es de Imposto de Renda"},"content":{"rendered":"<p>A Receita Federal contabilizou, ao final do prazo de entrega das declara\u00e7\u00f5es de Imposto de Renda da Pessoa F\u00edsica (IRPF) 2023, nessa quarta-feira (31), 41.151.515 documentos apresentados.<img decoding=\"async\" src=\"https:\/\/agenciabrasil.ebc.com.br\/ebc.png?id=1536497&amp;o=node\" \/><img decoding=\"async\" src=\"https:\/\/agenciabrasil.ebc.com.br\/ebc.gif?id=1536497&amp;o=node\" \/><\/p>\n<p>Contribuintes que n\u00e3o entregaram a declara\u00e7\u00e3o &#8211; mas eram obrigados &#8211; est\u00e3o sujeitos a multa de 1% ao m\u00eas, calculado sobre o valor do imposto de renda devido, com limite m\u00e1ximo de 20% do valor do imposto de renda. A multa m\u00ednima aplicada \u00e9 de R$ 165,74.<\/p>\n<p>O prazo para o IRPF 2023, ano-calend\u00e1rio 2022, se encerrou \u00e0s 24h de ontem, e o resultado superou as expectativas iniciais de que 39,5 milh\u00f5es de declara\u00e7\u00f5es. Do total enviado, 24% foram no formato pr\u00e9-preenchido; 57% no modelo simplificado; e 8%, retificadas.<\/p>\n<p>Segundo o Fisco, o processo transcorreu de maneira \u201ctranquila e dentro da normalidade\u201d.<\/p>\n<h2>Declara\u00e7\u00f5es atrasadas<\/h2>\n<p>Caso a declara\u00e7\u00e3o esteja atrasada, a Receita orienta a preencher o documento e enviar utilizando os mesmos programas dispon\u00edveis (computador, vers\u00e3o\u00a0<em>online\u00a0<\/em>ou aplicativo Meu Imposto de Renda). Ao transmitir a declara\u00e7\u00e3o, a notifica\u00e7\u00e3o de lan\u00e7amento e o DARF da multa por atraso ser\u00e3o gerados juntamente com o recibo de entrega.<\/p>\n<p>O prazo para pagamento da multa \u00e9 de 30 dias. Ap\u00f3s esse per\u00edodo, ser\u00e3o aplicados juros de mora, conforme a taxa Selic \u2013 a taxa b\u00e1sica de juros, atualmente em 13,75% ao ano.<\/p>\n<h2>Pend\u00eancias<\/h2>\n<p>A Receita sugere, aos contribuintes que entregaram a declara\u00e7\u00e3o, que verifiquem se h\u00e1 alguma pend\u00eancia. A consulta sobre a situa\u00e7\u00e3o das declara\u00e7\u00f5es enviadas, dentro ou fora do prazo, pode ser feita via aplicativo Meu Imposto de Renda, dispon\u00edvel para instala\u00e7\u00e3o em dispositivos m\u00f3veis com sistemas operacionais Android ou Apple.<\/p>\n<p>Al\u00e9m de exibir eventuais pend\u00eancias na declara\u00e7\u00e3o e fornecer orienta\u00e7\u00f5es para regulariza\u00e7\u00e3o, o aplicativo permite, tamb\u00e9m, gerar c\u00f3pias da declara\u00e7\u00e3o e do recibo de entrega.<\/p>\n<p>Fonte: Ag\u00eancia Brasil<\/p>\n","protected":false},"excerpt":{"rendered":"<p>A Receita Federal contabilizou, ao final do prazo de entrega das declara\u00e7\u00f5es de Imposto de Renda da Pessoa F\u00edsica (IRPF) 2023, nessa quarta-feira (31), 41.151.515&#8230;<\/p>\n","protected":false},"author":1527,"featured_media":45714,"comment_status":"closed","ping_status":"closed","sticky":false,"template":"","format":"standard","meta":{"footnotes":""},"categories":[6],"tags":[],"class_list":["post-45713","post","type-post","status-publish","format-standard","has-post-thumbnail","hentry","category-noticias"],"_links":{"self":[{"href":"https:\/\/www.sincomam.org.br\/index.php\/wp-json\/wp\/v2\/posts\/45713","targetHints":{"allow":["GET"]}}],"collection":[{"href":"https:\/\/www.sincomam.org.br\/index.php\/wp-json\/wp\/v2\/posts"}],"about":[{"href":"https:\/\/www.sincomam.org.br\/index.php\/wp-json\/wp\/v2\/types\/post"}],"author":[{"embeddable":true,"href":"https:\/\/www.sincomam.org.br\/index.php\/wp-json\/wp\/v2\/users\/1527"}],"replies":[{"embeddable":true,"href":"https:\/\/www.sincomam.org.br\/index.php\/wp-json\/wp\/v2\/comments?post=45713"}],"version-history":[{"count":1,"href":"https:\/\/www.sincomam.org.br\/index.php\/wp-json\/wp\/v2\/posts\/45713\/revisions"}],"predecessor-version":[{"id":45715,"href":"https:\/\/www.sincomam.org.br\/index.php\/wp-json\/wp\/v2\/posts\/45713\/revisions\/45715"}],"wp:featuredmedia":[{"embeddable":true,"href":"https:\/\/www.sincomam.org.br\/index.php\/wp-json\/wp\/v2\/media\/45714"}],"wp:attachment":[{"href":"https:\/\/www.sincomam.org.br\/index.php\/wp-json\/wp\/v2\/media?parent=45713"}],"wp:term":[{"taxonomy":"category","embeddable":true,"href":"https:\/\/www.sincomam.org.br\/index.php\/wp-json\/wp\/v2\/categories?post=45713"},{"taxonomy":"post_tag","embeddable":true,"href":"https:\/\/www.sincomam.org.br\/index.php\/wp-json\/wp\/v2\/tags?post=45713"}],"curies":[{"name":"wp","href":"https:\/\/api.w.org\/{rel}","templated":true}]}}