{"id":4569,"date":"2014-03-28T09:10:26","date_gmt":"2014-03-28T12:10:26","guid":{"rendered":"http:\/\/www.sincomam.org.br\/?p=4569"},"modified":"2014-03-28T10:12:43","modified_gmt":"2014-03-28T13:12:43","slug":"brasileiros-devem-economizar-energia-para-nao-haver-apagao-na-copa","status":"publish","type":"post","link":"https:\/\/www.sincomam.org.br\/index.php\/brasileiros-devem-economizar-energia-para-nao-haver-apagao-na-copa\/","title":{"rendered":"Brasileiros devem economizar energia para evitar apag\u00e3o na Copa"},"content":{"rendered":"<p><b><i>Lob\u00e3o diz, em entrevista ao \u2018Wall Street Journal\u2019, que campanha pode ser feita se volume de chuvas n\u00e3o aumentar at\u00e9 maio<\/i><\/b><\/p>\n<p>Para n\u00e3o haver apag\u00f5es de energia durante a Copa do Mundo, o governo pode pedir que a popula\u00e7\u00e3o economize energia. A afirma\u00e7\u00e3o \u00e9 do ministro de Minas e Energia, Edison Lob\u00e3o, em entrevista publicada pelo \u201cThe Wall Street Journal\u201d.<\/p>\n<p>Segundo o ministro, \u00e9 muito baixa a possibilidade de falta de energia el\u00e9trica antes do in\u00edcio da esta\u00e7\u00e3o chuvosa que come\u00e7a em novembro, mas, se o volume de chuvas n\u00e3o aumentar em abril ou maio e n\u00e3o houver uma recupera\u00e7\u00e3o dos reservat\u00f3rios que suprem as importantes usinas hidrel\u00e9tricas do pa\u00eds, ele poder\u00e1 pedir aos brasileiros que reduzam voluntariamente a demanda por energia.<\/p>\n<p>O ministro garantiu que n\u00e3o haver\u00e1 racionamento compuls\u00f3rio de energia, o que, lembra o \u201cWSJ\u201d poderia ser um problema para a presidente Dilma Rousseff, em ano de elei\u00e7\u00f5es presidenciais.<\/p>\n<p>O pa\u00eds teve racionamento em 2001-2002, no governo do presidente Fernando Henrique Cardoso. Este ano, enfrenta uma onda de calor e de seca recorde. Segundo o jornal americano, analistas do banco de investimento brasileiro Brasil Plural disseram em relat\u00f3rio de mercado neste m\u00eas acreditar que o racionamento n\u00e3o poder\u00e1 ser evitado.<\/p>\n<p>\u201cN\u00e3o estamos trabalhando com a hip\u00f3tese de racionamento de energia\u201d, disse Lob\u00e3o na entrevista. \u201cTemos a convic\u00e7\u00e3o de que isso n\u00e3o ser\u00e1 necess\u00e1rio.\u201d<\/p>\n<p>Fonte: G1 \/ Foto: Ag\u00eancia Brasil<\/p>\n","protected":false},"excerpt":{"rendered":"<p>Lob\u00e3o diz, em entrevista ao \u2018Wall Street Journal\u2019, que campanha pode ser feita se volume de chuvas n\u00e3o aumentar at\u00e9 maio Para n\u00e3o haver apag\u00f5es&#8230;<\/p>\n","protected":false},"author":1182,"featured_media":4294,"comment_status":"closed","ping_status":"closed","sticky":false,"template":"","format":"standard","meta":{"footnotes":""},"categories":[6],"tags":[855,858,137,856,424,857,417],"class_list":["post-4569","post","type-post","status-publish","format-standard","has-post-thumbnail","hentry","category-noticias","tag-brasileiros","tag-campanha","tag-copa","tag-economia","tag-energia","tag-lobao","tag-ministro"],"_links":{"self":[{"href":"https:\/\/www.sincomam.org.br\/index.php\/wp-json\/wp\/v2\/posts\/4569","targetHints":{"allow":["GET"]}}],"collection":[{"href":"https:\/\/www.sincomam.org.br\/index.php\/wp-json\/wp\/v2\/posts"}],"about":[{"href":"https:\/\/www.sincomam.org.br\/index.php\/wp-json\/wp\/v2\/types\/post"}],"author":[{"embeddable":true,"href":"https:\/\/www.sincomam.org.br\/index.php\/wp-json\/wp\/v2\/users\/1182"}],"replies":[{"embeddable":true,"href":"https:\/\/www.sincomam.org.br\/index.php\/wp-json\/wp\/v2\/comments?post=4569"}],"version-history":[{"count":2,"href":"https:\/\/www.sincomam.org.br\/index.php\/wp-json\/wp\/v2\/posts\/4569\/revisions"}],"predecessor-version":[{"id":4571,"href":"https:\/\/www.sincomam.org.br\/index.php\/wp-json\/wp\/v2\/posts\/4569\/revisions\/4571"}],"wp:featuredmedia":[{"embeddable":true,"href":"https:\/\/www.sincomam.org.br\/index.php\/wp-json\/wp\/v2\/media\/4294"}],"wp:attachment":[{"href":"https:\/\/www.sincomam.org.br\/index.php\/wp-json\/wp\/v2\/media?parent=4569"}],"wp:term":[{"taxonomy":"category","embeddable":true,"href":"https:\/\/www.sincomam.org.br\/index.php\/wp-json\/wp\/v2\/categories?post=4569"},{"taxonomy":"post_tag","embeddable":true,"href":"https:\/\/www.sincomam.org.br\/index.php\/wp-json\/wp\/v2\/tags?post=4569"}],"curies":[{"name":"wp","href":"https:\/\/api.w.org\/{rel}","templated":true}]}}