{"id":45676,"date":"2023-05-31T11:15:28","date_gmt":"2023-05-31T14:15:28","guid":{"rendered":"http:\/\/www.sincomam.org.br\/?p=45676"},"modified":"2023-05-31T11:15:28","modified_gmt":"2023-05-31T14:15:28","slug":"taxa-de-desemprego-de-85-e-a-menor-para-abril-desde-2015-diz-ibge","status":"publish","type":"post","link":"https:\/\/www.sincomam.org.br\/index.php\/taxa-de-desemprego-de-85-e-a-menor-para-abril-desde-2015-diz-ibge\/","title":{"rendered":"Taxa de desemprego de 8,5% \u00e9 a menor para abril desde 2015, diz IBGE"},"content":{"rendered":"<p>A taxa de desemprego do trimestre finalizado em abril deste ano (8,5%) \u00e9 a menor para o per\u00edodo desde 2015, quando o indicador havia ficado em 8,1%. Na compara\u00e7\u00e3o com o ano passado, por exemplo, houve uma queda de 2 pontos percentuais, j\u00e1 que a taxa do trimestre encerrado em abril de 2022 foi de 10,5%.\u00a0<img decoding=\"async\" src=\"https:\/\/agenciabrasil.ebc.com.br\/ebc.png?id=1536222&amp;o=node\" \/><img decoding=\"async\" src=\"https:\/\/agenciabrasil.ebc.com.br\/ebc.gif?id=1536222&amp;o=node\" \/><\/p>\n<p>Os dados s\u00e3o da Pesquisa Nacional por Amostra de Domic\u00edlios Cont\u00ednua (PNAD Cont\u00ednua) e foram divulgados nesta sexta-feira pelo Instituto Brasileiro de Geografia e Estat\u00edstica (IBGE).<\/p>\n<p>Esse tamb\u00e9m \u00e9 o segundo ano consecutivo em que a taxa de desemprego n\u00e3o cresce em rela\u00e7\u00e3o ao trimestre encerrado em janeiro, como costuma acontecer nesse per\u00edodo. Em 2022, a taxa caiu 0,7%. Neste ano, manteve-se est\u00e1vel.<\/p>\n<p>Segundo a pesquisadora do IBGE Alessandra Brito, tampouco houve aumento da popula\u00e7\u00e3o desempregada, que se manteve est\u00e1vel, em 9,1 milh\u00f5es de pessoas. \u201cO que est\u00e1 explicando essa taxa [de desemprego] ter ficado est\u00e1vel [na compara\u00e7\u00e3o trimestral] \u00e9 porque a procura [por trabalho] n\u00e3o aumentou estatisticamente como era esperado pela quest\u00e3o sazonal\u201d, conta.<\/p>\n<p>Ela destaca ainda que a popula\u00e7\u00e3o subutilizada, aquela que est\u00e1 desocupada ou que poderia trabalhar mais do que trabalha, ficou em 21 milh\u00f5es de pessoas, isto \u00e9, 2,5% menor que no trimestre anterior (encerrado em janeiro) e 19,6% inferior ao mesmo per\u00edodo do ano passado (trimestre findo em abril de 2022).<\/p>\n<p>A popula\u00e7\u00e3o fora da for\u00e7a de trabalho, ou seja, aqueles que n\u00e3o est\u00e3o trabalhando e nem procurando emprego, aumentou, chegando a 67,2 milh\u00f5es de pessoas. Houve altas de 1,3% ante o trimestre anterior e de 3,5% no ano.<\/p>\n<p>\u201cQuando a gente vai olhar para a popula\u00e7\u00e3o fora da for\u00e7a, poderia pensar que as pessoas desistiram de procurar porque o mercado est\u00e1 ruim, mas n\u00e3o \u00e9 o que parece. A popula\u00e7\u00e3o desalentada teve redu\u00e7\u00e3o e a for\u00e7a de trabalho potencial tamb\u00e9m teve redu\u00e7\u00e3o\u201d, afirma a pesquisadora.<\/p>\n<p>A\u00a0popula\u00e7\u00e3o desalentada \u00e9 formada por aqueles que gostariam de trabalhar e estavam dispon\u00edveis, mas n\u00e3o buscaram trabalho por v\u00e1rios motivos. Esse contingente chegou a 3,8 milh\u00f5es de pessoas, 4,8% a menos do que no trimestre anterior e 15,3% a menos do que no ano passado.<\/p>\n<p>J\u00e1 a for\u00e7a de trabalho potencial re\u00fane aquelas pessoas que procuraram trabalho, mas n\u00e3o estavam dispon\u00edveis e aquelas que gostariam de trabalhar, mas n\u00e3o chegaram a buscar emprego. O tamanho desse grupo caiu 6,2% na compara\u00e7\u00e3o trimestral e 16,7% na compara\u00e7\u00e3o anual.<\/p>\n<p>\u201cN\u00e3o parecem ser quest\u00f5es do mercado de trabalho esse aumento fora da for\u00e7a. N\u00e3o parece ser por des\u00e2nimo em rela\u00e7\u00e3o ao mercado de trabalho\u201d, conta Alessandra. \u201cPodem ser outros fatores, que s\u00e3o v\u00e1rios. Pode ser outra fonte de renda, op\u00e7\u00f5es da pessoa, uma op\u00e7\u00e3o de mais estudo, mais qualifica\u00e7\u00e3o. E a gente n\u00e3o consegue responder com os dados nessas divulga\u00e7\u00f5es [pesquisas] mais conjunturais\u201d, disse.<\/p>\n<p>Segundo a pesquisadora, ao longo de 2022, a taxa de desemprego mostrou uma melhora em rela\u00e7\u00e3o ao in\u00edcio da pandemia de covid-19 (anos de 2020 e 2021) e, nos \u00faltimos trimestres, vem apresentando estabilidade em torno de 8%.<\/p>\n<h2>Ocupa\u00e7\u00e3o<\/h2>\n<p>O contingente de pessoas ocupadas, ou seja, aqueles que est\u00e3o trabalhando no pa\u00eds, ficou em 98 milh\u00f5es de pessoas, um recuo de 0,6% (menos 605 mil pessoas) ante o trimestre anterior e uma alta de 1,6% (mais 1,5 milh\u00e3o de pessoas) em rela\u00e7\u00e3o ao ano anterior.<\/p>\n<p>O n\u00edvel de ocupa\u00e7\u00e3o (percentual de pessoas ocupadas na popula\u00e7\u00e3o em idade de trabalhar) chegou a 56,2%: queda em rela\u00e7\u00e3o ao trimestre anterior (56,7%) e alta na compara\u00e7\u00e3o com o ano passado (55,8%).<\/p>\n<p>A perda de postos de trabalho de janeiro para abril ocorreu principalmente nos setores do com\u00e9rcio, agricultura e servi\u00e7os dom\u00e9sticos. J\u00e1 a alta em rela\u00e7\u00e3o a abril de 2022, pode ser explicada pela abertura de postos nos segmentos de transporte, armazenagem e correios; informa\u00e7\u00e3o, comunica\u00e7\u00e3o e atividades financeiras; e administra\u00e7\u00e3o p\u00fablica.<\/p>\n<h2>Informalidade<\/h2>\n<p>A taxa de informalidade no mercado de trabalho brasileiro chegou a 38,9% da popula\u00e7\u00e3o ocupada, ou seja, 38 milh\u00f5es de pessoas. O percentual ficou abaixo dos observados no trimestre anterior (39%) e no mesmo trimestre do ano passado (40,1%).<\/p>\n<p>Os empregados com carteira de trabalho\u00a0assinada no setor privado (que n\u00e3o fazem trabalho dom\u00e9stico) ficou em 36,8 milh\u00f5es, est\u00e1vel ante trimestre anterior e 4,4% superior (mais 1,6 milh\u00e3o de pessoas) ante o ano anterior.<\/p>\n<p>Aqueles que trabalham sem carteira\u00a0assinada no setor privado (12,7 milh\u00f5es) recuaram 2,9% (menos 383 mil pessoas) no trimestre e ficou est\u00e1vel na compara\u00e7\u00e3o anual.<\/p>\n<p>O contingente de trabalhadores por conta pr\u00f3pria\u00a0(25,2 milh\u00f5es de pessoas) manteve-se est\u00e1vel em ambas as compara\u00e7\u00f5es.<\/p>\n<p>J\u00e1 os\u00a0trabalhadores dom\u00e9sticos\u00a0chegaram a 5,7 milh\u00f5es de pessoas, queda 3,2% no trimestre e ficou est\u00e1vel ante o trimestre encerrado em abril de 2022.<\/p>\n<h2>Rendimento<\/h2>\n<p>O\u00a0rendimento real habitual\u00a0ficou em R$ 2.891, est\u00e1vel ante o trimestre anterior. Houve um crescimento de 7,5% na compara\u00e7\u00e3o com o mesmo per\u00edodo do ano passado. A\u00a0massa de rendimento real habitual\u00a0(R$ 278,8 bilh\u00f5es) tamb\u00e9m ficou est\u00e1vel ante o trimestre anterior e cresceu 9,6% na compara\u00e7\u00e3o anual.<\/p>\n<p>Fonte: Ag\u00eancia Brasil<\/p>\n","protected":false},"excerpt":{"rendered":"<p>A taxa de desemprego do trimestre finalizado em abril deste ano (8,5%) \u00e9 a menor para o per\u00edodo desde 2015, quando o indicador havia ficado&#8230;<\/p>\n","protected":false},"author":1527,"featured_media":45677,"comment_status":"closed","ping_status":"closed","sticky":false,"template":"","format":"standard","meta":{"footnotes":""},"categories":[6],"tags":[],"class_list":["post-45676","post","type-post","status-publish","format-standard","has-post-thumbnail","hentry","category-noticias"],"_links":{"self":[{"href":"https:\/\/www.sincomam.org.br\/index.php\/wp-json\/wp\/v2\/posts\/45676","targetHints":{"allow":["GET"]}}],"collection":[{"href":"https:\/\/www.sincomam.org.br\/index.php\/wp-json\/wp\/v2\/posts"}],"about":[{"href":"https:\/\/www.sincomam.org.br\/index.php\/wp-json\/wp\/v2\/types\/post"}],"author":[{"embeddable":true,"href":"https:\/\/www.sincomam.org.br\/index.php\/wp-json\/wp\/v2\/users\/1527"}],"replies":[{"embeddable":true,"href":"https:\/\/www.sincomam.org.br\/index.php\/wp-json\/wp\/v2\/comments?post=45676"}],"version-history":[{"count":1,"href":"https:\/\/www.sincomam.org.br\/index.php\/wp-json\/wp\/v2\/posts\/45676\/revisions"}],"predecessor-version":[{"id":45678,"href":"https:\/\/www.sincomam.org.br\/index.php\/wp-json\/wp\/v2\/posts\/45676\/revisions\/45678"}],"wp:featuredmedia":[{"embeddable":true,"href":"https:\/\/www.sincomam.org.br\/index.php\/wp-json\/wp\/v2\/media\/45677"}],"wp:attachment":[{"href":"https:\/\/www.sincomam.org.br\/index.php\/wp-json\/wp\/v2\/media?parent=45676"}],"wp:term":[{"taxonomy":"category","embeddable":true,"href":"https:\/\/www.sincomam.org.br\/index.php\/wp-json\/wp\/v2\/categories?post=45676"},{"taxonomy":"post_tag","embeddable":true,"href":"https:\/\/www.sincomam.org.br\/index.php\/wp-json\/wp\/v2\/tags?post=45676"}],"curies":[{"name":"wp","href":"https:\/\/api.w.org\/{rel}","templated":true}]}}