{"id":45673,"date":"2023-05-31T11:14:33","date_gmt":"2023-05-31T14:14:33","guid":{"rendered":"http:\/\/www.sincomam.org.br\/?p=45673"},"modified":"2023-05-31T11:14:33","modified_gmt":"2023-05-31T14:14:33","slug":"receita-paga-nesta-quarta-primeiro-lote-de-restituicao-do-ir-2023","status":"publish","type":"post","link":"https:\/\/www.sincomam.org.br\/index.php\/receita-paga-nesta-quarta-primeiro-lote-de-restituicao-do-ir-2023\/","title":{"rendered":"Receita paga nesta quarta primeiro lote de restitui\u00e7\u00e3o do IR 2023"},"content":{"rendered":"<p>A Receita Federal libera nesta quarta-feira (31) o pagamento do primeiro lote de restitui\u00e7\u00e3o do Imposto de Renda (IR) Pessoa F\u00edsica de 2023. Os valores est\u00e3o\u00a0depositados na conta-corrente do contribuinte, indicada na declara\u00e7\u00e3o.<img decoding=\"async\" src=\"https:\/\/agenciabrasil.ebc.com.br\/ebc.png?id=1536210&amp;o=node\" \/><img decoding=\"async\" src=\"https:\/\/agenciabrasil.ebc.com.br\/ebc.gif?id=1536210&amp;o=node\" \/><\/p>\n<p>O lote contempla 4,1 milh\u00f5es de contribuintes que est\u00e3o fila de priorit\u00e1rios, como idosos acima de 80 anos, pessoas com defici\u00eancia, professores e quem fez\u00a0a declara\u00e7\u00e3o pr\u00e9-preenchida ou optou por receber a restitui\u00e7\u00e3o pelo Pix.<\/p>\n<p>Para consultar se a restitui\u00e7\u00e3o\u00a0est\u00e1 dispon\u00edvel, o contribuinte deve acessar a\u00a0<a href=\"https:\/\/www.gov.br\/receitafederal\/pt-br\" target=\"_blank\" rel=\"noopener\">p\u00e1gina da Receita Federal<\/a>\u00a0na internet\u00a0e clicar nos itens &#8220;Meu Imposto de Renda&#8221; e &#8220;Consultar a Restitui\u00e7\u00e3o&#8221;.<\/p>\n<p>Clique aqui para ler e ouvir a s\u00e9rie completa\u00a0<a href=\"https:\/\/agenciabrasil.ebc.com.br\/radioagencia-nacional\/tags\/tira-duvidas-do-ir-2023\" target=\"_blank\" rel=\"noopener\">Tira-D\u00favidas do IR 2023<\/a>.<\/p>\n<p>Neste\u00a0primeiro lote, considerado pelo \u00f3rg\u00e3o o maior da hist\u00f3ria, s\u00e3o pagos\u00a0cerca de R$ 7,5 bilh\u00f5es aos contribuintes.<\/p>\n<p>A entrega da declara\u00e7\u00e3o do imposto come\u00e7ou no dia 15 de mar\u00e7o e termina hoje, \u00e0s 23h59.<\/p>\n<p>Fonte: Ag\u00eancia Brasil<\/p>\n","protected":false},"excerpt":{"rendered":"<p>A Receita Federal libera nesta quarta-feira (31) o pagamento do primeiro lote de restitui\u00e7\u00e3o do Imposto de Renda (IR) Pessoa F\u00edsica de 2023. Os valores&#8230;<\/p>\n","protected":false},"author":1527,"featured_media":45674,"comment_status":"closed","ping_status":"closed","sticky":false,"template":"","format":"standard","meta":{"footnotes":""},"categories":[6],"tags":[],"class_list":["post-45673","post","type-post","status-publish","format-standard","has-post-thumbnail","hentry","category-noticias"],"_links":{"self":[{"href":"https:\/\/www.sincomam.org.br\/index.php\/wp-json\/wp\/v2\/posts\/45673","targetHints":{"allow":["GET"]}}],"collection":[{"href":"https:\/\/www.sincomam.org.br\/index.php\/wp-json\/wp\/v2\/posts"}],"about":[{"href":"https:\/\/www.sincomam.org.br\/index.php\/wp-json\/wp\/v2\/types\/post"}],"author":[{"embeddable":true,"href":"https:\/\/www.sincomam.org.br\/index.php\/wp-json\/wp\/v2\/users\/1527"}],"replies":[{"embeddable":true,"href":"https:\/\/www.sincomam.org.br\/index.php\/wp-json\/wp\/v2\/comments?post=45673"}],"version-history":[{"count":1,"href":"https:\/\/www.sincomam.org.br\/index.php\/wp-json\/wp\/v2\/posts\/45673\/revisions"}],"predecessor-version":[{"id":45675,"href":"https:\/\/www.sincomam.org.br\/index.php\/wp-json\/wp\/v2\/posts\/45673\/revisions\/45675"}],"wp:featuredmedia":[{"embeddable":true,"href":"https:\/\/www.sincomam.org.br\/index.php\/wp-json\/wp\/v2\/media\/45674"}],"wp:attachment":[{"href":"https:\/\/www.sincomam.org.br\/index.php\/wp-json\/wp\/v2\/media?parent=45673"}],"wp:term":[{"taxonomy":"category","embeddable":true,"href":"https:\/\/www.sincomam.org.br\/index.php\/wp-json\/wp\/v2\/categories?post=45673"},{"taxonomy":"post_tag","embeddable":true,"href":"https:\/\/www.sincomam.org.br\/index.php\/wp-json\/wp\/v2\/tags?post=45673"}],"curies":[{"name":"wp","href":"https:\/\/api.w.org\/{rel}","templated":true}]}}