{"id":45644,"date":"2023-05-30T10:18:00","date_gmt":"2023-05-30T13:18:00","guid":{"rendered":"http:\/\/www.sincomam.org.br\/?p=45644"},"modified":"2023-05-30T10:18:00","modified_gmt":"2023-05-30T13:18:00","slug":"executivos-brasileiros-conhecem-iniciativas-com-hidrogenio-verde-na-belgica","status":"publish","type":"post","link":"https:\/\/www.sincomam.org.br\/index.php\/executivos-brasileiros-conhecem-iniciativas-com-hidrogenio-verde-na-belgica\/","title":{"rendered":"Executivos brasileiros conhecem iniciativas com hidrog\u00eanio verde na B\u00e9lgica"},"content":{"rendered":"<p>A plataforma internacional de hidrog\u00eanio verde do porto de Antu\u00e9rpia e Bruges, na B\u00e9lgica, foi apresentada \u00e0 comitiva brasileira, formada por executivos dos portos privados e autoridades e liderada pela Associa\u00e7\u00e3o de Terminais Portu\u00e1rios Privados (ATP). O objetivo \u00e9 substituir as fontes de energia f\u00f3sseis em muitas aplica\u00e7\u00f5es industriais e tornar as opera\u00e7\u00f5es portu\u00e1rias cada vez mais sustent\u00e1veis.<\/p>\n<p>O terminal belga, com alto potencial de se tornar um dos mais sustent\u00e1veis do mundo, em parceria com a CMB.TECH, j\u00e1 est\u00e1 testando ve\u00edculos com um sistema h\u00edbrido que combina diesel e hidrog\u00eanio, reduzindo as emiss\u00f5es globais de poluentes em 65%. A comitiva concluiu a viagem na B\u00e9lgica na \u00faltima sexta-feira (26) e conferiu de perto projetos que podem ser adotados pelos portos brasileiros. \u201cAqui, com todo o grupo, estamos vendo de perto esse exemplo de porto p\u00fablico eficiente e que est\u00e1 bem avan\u00e7ado no tema da sustentabilidade\u201d, afirmou o presidente da ATP, Murillo Barbosa. O grupo tamb\u00e9m visitou o Porto de Ghent, um dos maiores portos fluviais do continente; e o Porto de Zeebrugges, importante centro de transporte e log\u00edstica para cargas; entre outros locais.<\/p>\n<p>A comitiva brasileira foi formada por 39 participantes, entre os quais est\u00e3o o ministro de Portos e Aeroportos, M\u00e1rcio Fran\u00e7a, e quatro diretores da Ag\u00eancia Nacional de Transportes Aquavi\u00e1rios (Antaq), que integram a equipe, al\u00e9m de representantes de 16 empresas associadas \u00e0 entidade. Planejada desde 2020,\u00a0a miss\u00e3o foi a primeira viagem internacional de estudos da ATP e\u00a0tem o objetivo de reunir autoridades e representantes de portos privados para vivenciar a realidade da opera\u00e7\u00e3o e da gest\u00e3o portu\u00e1ria em locais que s\u00e3o refer\u00eancias no segmento log\u00edstico e portu\u00e1rio.<\/p>\n<p>Fonte: Portos e Navios<\/p>\n","protected":false},"excerpt":{"rendered":"<p>A plataforma internacional de hidrog\u00eanio verde do porto de Antu\u00e9rpia e Bruges, na B\u00e9lgica, foi apresentada \u00e0 comitiva brasileira, formada por executivos dos portos privados&#8230;<\/p>\n","protected":false},"author":1527,"featured_media":45645,"comment_status":"closed","ping_status":"closed","sticky":false,"template":"","format":"standard","meta":{"footnotes":""},"categories":[6],"tags":[],"class_list":["post-45644","post","type-post","status-publish","format-standard","has-post-thumbnail","hentry","category-noticias"],"_links":{"self":[{"href":"https:\/\/www.sincomam.org.br\/index.php\/wp-json\/wp\/v2\/posts\/45644","targetHints":{"allow":["GET"]}}],"collection":[{"href":"https:\/\/www.sincomam.org.br\/index.php\/wp-json\/wp\/v2\/posts"}],"about":[{"href":"https:\/\/www.sincomam.org.br\/index.php\/wp-json\/wp\/v2\/types\/post"}],"author":[{"embeddable":true,"href":"https:\/\/www.sincomam.org.br\/index.php\/wp-json\/wp\/v2\/users\/1527"}],"replies":[{"embeddable":true,"href":"https:\/\/www.sincomam.org.br\/index.php\/wp-json\/wp\/v2\/comments?post=45644"}],"version-history":[{"count":1,"href":"https:\/\/www.sincomam.org.br\/index.php\/wp-json\/wp\/v2\/posts\/45644\/revisions"}],"predecessor-version":[{"id":45646,"href":"https:\/\/www.sincomam.org.br\/index.php\/wp-json\/wp\/v2\/posts\/45644\/revisions\/45646"}],"wp:featuredmedia":[{"embeddable":true,"href":"https:\/\/www.sincomam.org.br\/index.php\/wp-json\/wp\/v2\/media\/45645"}],"wp:attachment":[{"href":"https:\/\/www.sincomam.org.br\/index.php\/wp-json\/wp\/v2\/media?parent=45644"}],"wp:term":[{"taxonomy":"category","embeddable":true,"href":"https:\/\/www.sincomam.org.br\/index.php\/wp-json\/wp\/v2\/categories?post=45644"},{"taxonomy":"post_tag","embeddable":true,"href":"https:\/\/www.sincomam.org.br\/index.php\/wp-json\/wp\/v2\/tags?post=45644"}],"curies":[{"name":"wp","href":"https:\/\/api.w.org\/{rel}","templated":true}]}}