{"id":45612,"date":"2023-05-26T12:10:40","date_gmt":"2023-05-26T15:10:40","guid":{"rendered":"http:\/\/www.sincomam.org.br\/?p=45612"},"modified":"2023-05-26T12:10:40","modified_gmt":"2023-05-26T15:10:40","slug":"consumo-nos-lares-brasileiros-cresce-214-no-quadrimestre","status":"publish","type":"post","link":"https:\/\/www.sincomam.org.br\/index.php\/consumo-nos-lares-brasileiros-cresce-214-no-quadrimestre\/","title":{"rendered":"Consumo nos lares brasileiros cresce 2,14% no quadrimestre"},"content":{"rendered":"<div class=\"post-item-wrap\">\n<p>O Consumo nos Lares Brasileiros medido pela Associa\u00e7\u00e3o Brasileira de Supermercados (Abras)\u00a0encerrou o primeiro quadrimestre com alta de 2,14%. Na compara\u00e7\u00e3o de abril ante mar\u00e7o a alta foi de\u00a01,47%. Na compara\u00e7\u00e3o de abril de 2023 com abril de 2022 houve alta de 2,09%.<img decoding=\"async\" src=\"https:\/\/agenciabrasil.ebc.com.br\/ebc.png?id=1535353&amp;o=node\" \/><img decoding=\"async\" src=\"https:\/\/agenciabrasil.ebc.com.br\/ebc.gif?id=1535353&amp;o=node\" \/><\/p>\n<p>O resultado contempla os formatos de loja: atacarejo, supermercado convencional, loja de vizinhan\u00e7a, hipermercado, minimercado e e-commerce. Todos os indicadores s\u00e3o deflacionados pelo \u00cdndice Nacional de Pre\u00e7os ao Consumidor Amplo (IPCA), medido pelo Instituto Brasileiro de Geografia e Estat\u00edstica (IBGE).<\/p>\n<p>De acordo com os dados da Abras, o valor da cesta de 35 produtos de largo consumo (alimentos, bebidas, carnes, produtos de limpeza, itens de higiene e beleza) registrou alta de 0,53% em abril, fazendo com que o pre\u00e7o na m\u00e9dia nacional passasse de R$ 747,35 em mar\u00e7o para R$ 751,29 em abril.<\/p>\n<p>As principais quedas nos pre\u00e7os vieram da cebola (-7,01%), \u00f3leo de soja (-4,44%), margarina cremosa (-0,93%). Entre as prote\u00ednas, as quedas foram puxadas pela carne bovina com os cortes do traseiro (-1,16%) e do dianteiro (-0,86%).<\/p>\n<p>Frango congelado (-0,36%) e pernil (-0,51%) tamb\u00e9m registram redu\u00e7\u00e3o nos pre\u00e7os. Em 12 meses, os pre\u00e7os dos cortes bovinos nos supermercados acumulam queda de 11%. As altas ficaram por conta de tomate (+10,64%), leite longa vida (+4,96%), feij\u00e3o (+4,41%), batata (+3,96%), farinha de mandioca (+2,87%), ovos (+2,46%).<\/p>\n<p>Na categoria de limpeza, as altas foram puxadas por desinfetante (+1,63%), \u00e1gua sanit\u00e1ria (+1,25%), detergente l\u00edquido para lou\u00e7as (+0,44%), sab\u00e3o em p\u00f3 (+0,16%). Entre os produtos de higiene e beleza, creme dental (+1,35%), sabonete (+1,12%), xampu (+0,83%), papel higi\u00eanico (+0,73%) registraram maior varia\u00e7\u00e3o de pre\u00e7os. J\u00e1 entre os produtos de higiene e beleza, creme dental (+1,35%), sabonete (+1,12%), xampu (+0,83%), papel higi\u00eanico (+0,73%) registraram maior varia\u00e7\u00e3o de pre\u00e7os.<\/p>\n<p>Na an\u00e1lise regional do desempenho das cestas, a maior varia\u00e7\u00e3o foi registrada no Centro-Oeste (+1,06%) onde a cesta passou de R$ 696,45 em mar\u00e7o para R$ 703,81 em abril. Nas demais regi\u00f5es as varia\u00e7\u00f5es foram: Sudeste (+0,72%), Nordeste (+0,46%), Norte (+0,16%) e Sul (+0,04%).<\/p>\n<p>Segundo o vice-presidente da Abras, Marcio Milan, no semestre, o novo reajuste do sal\u00e1rio-m\u00ednimo, o reajuste dos sal\u00e1rios dos servidores federais, a restitui\u00e7\u00e3o do primeiro lote do Imposto de Renda 2023, a amplia\u00e7\u00e3o da isen\u00e7\u00e3o do imposto de renda para R$ 2.640,00, a antecipa\u00e7\u00e3o do 13\u00ba dos aposentados e pensionistas do INSS devem movimentar a economia.<\/p>\n<p>\u201cA combina\u00e7\u00e3o da desacelera\u00e7\u00e3o nos pre\u00e7os dos alimentos, a sequ\u00eancia de queda nos pre\u00e7os das carnes e os recursos injetados na economia trouxeram mais consist\u00eancia ao consumo nos lares no quadrimestre. Em junho, a continuidade dos resgates dos recursos do PIS\/Pasep, do pagamento de precat\u00f3rios do INSS, a manuten\u00e7\u00e3o dos programas de transfer\u00eancia de renda do governo federal \u2013 Bolsa Fam\u00edlia e Primeira Inf\u00e2ncia e a implanta\u00e7\u00e3o do Benef\u00edcio Vari\u00e1vel para crian\u00e7as, adolescentes e gestantes e pagamento do Aux\u00edlio G\u00e1s tendem a contribuir para a composi\u00e7\u00e3o da cesta de alimentos\u201d, disse.<\/p>\n<\/div>\n<p class=\"alt-font font-italic my-2 small text-info\">Fonte: Ag\u00eancia Brasil<\/p>\n","protected":false},"excerpt":{"rendered":"<p>O Consumo nos Lares Brasileiros medido pela Associa\u00e7\u00e3o Brasileira de Supermercados (Abras)\u00a0encerrou o primeiro quadrimestre com alta de 2,14%. Na compara\u00e7\u00e3o de abril ante mar\u00e7o&#8230;<\/p>\n","protected":false},"author":1527,"featured_media":45613,"comment_status":"closed","ping_status":"closed","sticky":false,"template":"","format":"standard","meta":{"footnotes":""},"categories":[6],"tags":[],"class_list":["post-45612","post","type-post","status-publish","format-standard","has-post-thumbnail","hentry","category-noticias"],"_links":{"self":[{"href":"https:\/\/www.sincomam.org.br\/index.php\/wp-json\/wp\/v2\/posts\/45612","targetHints":{"allow":["GET"]}}],"collection":[{"href":"https:\/\/www.sincomam.org.br\/index.php\/wp-json\/wp\/v2\/posts"}],"about":[{"href":"https:\/\/www.sincomam.org.br\/index.php\/wp-json\/wp\/v2\/types\/post"}],"author":[{"embeddable":true,"href":"https:\/\/www.sincomam.org.br\/index.php\/wp-json\/wp\/v2\/users\/1527"}],"replies":[{"embeddable":true,"href":"https:\/\/www.sincomam.org.br\/index.php\/wp-json\/wp\/v2\/comments?post=45612"}],"version-history":[{"count":1,"href":"https:\/\/www.sincomam.org.br\/index.php\/wp-json\/wp\/v2\/posts\/45612\/revisions"}],"predecessor-version":[{"id":45614,"href":"https:\/\/www.sincomam.org.br\/index.php\/wp-json\/wp\/v2\/posts\/45612\/revisions\/45614"}],"wp:featuredmedia":[{"embeddable":true,"href":"https:\/\/www.sincomam.org.br\/index.php\/wp-json\/wp\/v2\/media\/45613"}],"wp:attachment":[{"href":"https:\/\/www.sincomam.org.br\/index.php\/wp-json\/wp\/v2\/media?parent=45612"}],"wp:term":[{"taxonomy":"category","embeddable":true,"href":"https:\/\/www.sincomam.org.br\/index.php\/wp-json\/wp\/v2\/categories?post=45612"},{"taxonomy":"post_tag","embeddable":true,"href":"https:\/\/www.sincomam.org.br\/index.php\/wp-json\/wp\/v2\/tags?post=45612"}],"curies":[{"name":"wp","href":"https:\/\/api.w.org\/{rel}","templated":true}]}}