{"id":4561,"date":"2014-03-28T09:10:07","date_gmt":"2014-03-28T12:10:07","guid":{"rendered":"http:\/\/www.sincomam.org.br\/?p=4561"},"modified":"2014-03-28T10:34:16","modified_gmt":"2014-03-28T13:34:16","slug":"senai-inaugura-2-centros-de-inovacao-em-salvador","status":"publish","type":"post","link":"https:\/\/www.sincomam.org.br\/index.php\/senai-inaugura-2-centros-de-inovacao-em-salvador\/","title":{"rendered":"Senai inaugura 2 centros de inova\u00e7\u00e3o em Salvador"},"content":{"rendered":"<p>Com o objetivo de se transformar no principal centro de solu\u00e7\u00f5es inovadoras para a ind\u00fastria no pa\u00eds, com forte investimento em P&amp;D, o Servi\u00e7o Nacional de Aprendizagem Industrial (Senai) da Bahia inaugurou nesta quinta-feira (27), em Salvador, os Institutos Senai de Inova\u00e7\u00e3o (ISI) em Automa\u00e7\u00e3o e em Conforma\u00e7\u00e3o Mec\u00e2nica e Uni\u00e3o de Materiais, al\u00e9m do Centro de Refer\u00eancia em Log\u00edstica. O evento contar\u00e1 com a presen\u00e7a do presidente da Confedera\u00e7\u00e3o Nacional das Ind\u00fastrias (CNI) e do Conselho Nacional do Senai, Robson Braga Andrade.<\/p>\n<p>Fruto do entendimento entre o governo federal e a CNI, os ISI v\u00e3o impulsionar a inova\u00e7\u00e3o na ind\u00fastria brasileira. Os institutos s\u00e3o dois dos 23 que v\u00e3o cooperar em uma rede nacional para atender as necessidades do setor em pesquisa aplicada visando o aumento da competitividade.<\/p>\n<p>O ISI em Automa\u00e7\u00e3o, localizado no CIMATEC 3, vai agregar compet\u00eancias tecnol\u00f3gicas fornecendo m\u00e9todos automatizados e sistemas integrados, o que vai permitir o reposicionamento do espa\u00e7o competitivo internacional de seus clientes industriais e o ingresso em novos segmentos de mercado, como energias renov\u00e1veis e sa\u00fade. \u201cUm dos nossos bra\u00e7os de atua\u00e7\u00e3o, a rob\u00f3tica aplicada, j\u00e1 tem em andamento projetos de ponta para sistemas embarcados, como um rob\u00f4 submarino de inspe\u00e7\u00e3o de plataformas\u201d, revela o gerente do Instituto, Herman Augusto Lepikson.<\/p>\n<p>\u00danico com este modelo na Am\u00e9rica Latina, o ISI em Conforma\u00e7\u00e3o e Uni\u00e3o de Materiais (tamb\u00e9m instalado no CIMATEC 3) vai promover desenvolvimento tecnol\u00f3gico de conforma\u00e7\u00e3o a quente e frio e uni\u00e3o de materiais (soldagem, colagem, rebitagem) em processos convencionais e especiais. \u201cTeremos capacidade de atender toda a ind\u00fastria de transforma\u00e7\u00e3o nacional, inclusive com simula\u00e7\u00f5es num\u00e9ricas (por meio de computa\u00e7\u00e3o), reduzindo riscos e custos\u201d, afirma o gerente do Instituto, Celso Barbosa.<\/p>\n<p>Localizado no CIMATEC 4, o Centro de Refer\u00eancia em Log\u00edstica tem laborat\u00f3rios que atendem \u00e0s necessidades do pr\u00f3prio Senai-BA, como tamb\u00e9m servem de sala de aula para os alunos da casa, onde \u00e9 poss\u00edvel conhecer e praticar os diversos tipos de armazenagem utilizados pela ind\u00fastria.<\/p>\n<p>Os centros tecnol\u00f3gicos contam com uma infraestrutura in\u00e9dita no pa\u00eds, capaz de apoiar as empresas no processo de desenvolvimento de novas tecnologias, produtos e processos. Com os novos pr\u00e9dios, o CIMATEC dobra de tamanho, transformando-se num campus integrado. O investimento total em obras para esta amplia\u00e7\u00e3o \u00e9 da ordem de R$ 65 milh\u00f5es. A opera\u00e7\u00e3o com o CIMATEC dever\u00e1 servir de modelo para a expans\u00e3o do credenciamento de outras unidades do Senai em todo o pa\u00eds, a exemplo dos novos ISI e dos Institutos Senai de Tecnologia (IST).<\/p>\n<p>O maior projeto do ISI de Salvador foi encomendado pela BG Brasil, multinacional brit\u00e2nica de petr\u00f3leo e g\u00e1s. A empresa pagou R$ 30 milh\u00f5es para o desenvolvimento de um rob\u00f4 capaz de fazer opera\u00e7\u00f5es de inspe\u00e7\u00e3o e manuten\u00e7\u00e3o de instala\u00e7\u00f5es petroleiras do pr\u00e9-sal em at\u00e9 2 mil metros de profundidade por controle remoto e sem fio. A iniciativa prev\u00ea a troca de experi\u00eancias de profissionais especializados em rob\u00f3tica e intelig\u00eancia artificial da Alemanha.<\/p>\n<p>Fonte: Reda\u00e7\u00e3o TN\/ Ascom Fieb \/ Foto:\u00a0\u00a0Programa Ci\u00eancia sem Fronteiras (CsF).<\/p>\n","protected":false},"excerpt":{"rendered":"<p>Com o objetivo de se transformar no principal centro de solu\u00e7\u00f5es inovadoras para a ind\u00fastria no pa\u00eds, com forte investimento em P&amp;D, o Servi\u00e7o Nacional&#8230;<\/p>\n","protected":false},"author":1182,"featured_media":4562,"comment_status":"closed","ping_status":"closed","sticky":false,"template":"","format":"standard","meta":{"footnotes":""},"categories":[6],"tags":[93,848,536,155,847,64],"class_list":["post-4561","post","type-post","status-publish","format-standard","has-post-thumbnail","hentry","category-noticias","tag-centro","tag-estudos","tag-inauguracao","tag-oportunidades","tag-salvador","tag-senai"],"_links":{"self":[{"href":"https:\/\/www.sincomam.org.br\/index.php\/wp-json\/wp\/v2\/posts\/4561","targetHints":{"allow":["GET"]}}],"collection":[{"href":"https:\/\/www.sincomam.org.br\/index.php\/wp-json\/wp\/v2\/posts"}],"about":[{"href":"https:\/\/www.sincomam.org.br\/index.php\/wp-json\/wp\/v2\/types\/post"}],"author":[{"embeddable":true,"href":"https:\/\/www.sincomam.org.br\/index.php\/wp-json\/wp\/v2\/users\/1182"}],"replies":[{"embeddable":true,"href":"https:\/\/www.sincomam.org.br\/index.php\/wp-json\/wp\/v2\/comments?post=4561"}],"version-history":[{"count":1,"href":"https:\/\/www.sincomam.org.br\/index.php\/wp-json\/wp\/v2\/posts\/4561\/revisions"}],"predecessor-version":[{"id":4563,"href":"https:\/\/www.sincomam.org.br\/index.php\/wp-json\/wp\/v2\/posts\/4561\/revisions\/4563"}],"wp:featuredmedia":[{"embeddable":true,"href":"https:\/\/www.sincomam.org.br\/index.php\/wp-json\/wp\/v2\/media\/4562"}],"wp:attachment":[{"href":"https:\/\/www.sincomam.org.br\/index.php\/wp-json\/wp\/v2\/media?parent=4561"}],"wp:term":[{"taxonomy":"category","embeddable":true,"href":"https:\/\/www.sincomam.org.br\/index.php\/wp-json\/wp\/v2\/categories?post=4561"},{"taxonomy":"post_tag","embeddable":true,"href":"https:\/\/www.sincomam.org.br\/index.php\/wp-json\/wp\/v2\/tags?post=4561"}],"curies":[{"name":"wp","href":"https:\/\/api.w.org\/{rel}","templated":true}]}}