{"id":45588,"date":"2023-05-25T07:26:20","date_gmt":"2023-05-25T10:26:20","guid":{"rendered":"http:\/\/www.sincomam.org.br\/?p=45588"},"modified":"2023-05-25T07:26:20","modified_gmt":"2023-05-25T10:26:20","slug":"ministro-rebate-decisao-contra-extracao-de-petroleo-na-foz-do-amazonas","status":"publish","type":"post","link":"https:\/\/www.sincomam.org.br\/index.php\/ministro-rebate-decisao-contra-extracao-de-petroleo-na-foz-do-amazonas\/","title":{"rendered":"Ministro rebate decis\u00e3o contra extra\u00e7\u00e3o de petr\u00f3leo na Foz do Amazonas"},"content":{"rendered":"<p>A explora\u00e7\u00e3o de petr\u00f3leo e g\u00e1s na margem equatorial brasileira pode se tornar &#8220;intranspon\u00edvel&#8221;, caso seja mantida a exig\u00eancia para realizar novo estudo de Avalia\u00e7\u00e3o Ambiental de \u00c1rea Sedimentar.<img decoding=\"async\" src=\"https:\/\/agenciabrasil.ebc.com.br\/ebc.png?id=1535132&amp;o=node\" \/><img decoding=\"async\" src=\"https:\/\/agenciabrasil.ebc.com.br\/ebc.gif?id=1535132&amp;o=node\" \/><\/p>\n<p>A avalia\u00e7\u00e3o \u00e9 do ministro de Minas e Energia, Alexandre Silveira, que participou de sess\u00e3o na Comiss\u00e3o de Infraestrutura do Senado, nesta quarta-feira (24).<\/p>\n<p>Para o ministro, n\u00e3o h\u00e1 quest\u00e3o que n\u00e3o possa ser superada na\u00a0decis\u00e3o do Instituto Brasileiro do Meio Ambiente e dos Recursos Naturais Renov\u00e1veis (Ibama)\u00a0que negou a explora\u00e7\u00e3o de petr\u00f3leo na regi\u00e3o, com exce\u00e7\u00e3o do estudo de \u00c1rea Sedimentar.<\/p>\n<p>\u201c\u00c9 uma quest\u00e3o para ser superada. E \u00e9 poss\u00edvel ser superada porque no pr\u00f3prio parecer n\u00e3o tem quest\u00f5es intranspon\u00edveis. S\u00f3 vai se tornar intranspon\u00edvel se se discutir a Avalia\u00e7\u00e3o de \u00c1rea Sedimentar\u201d, disse o ministro.<\/p>\n<p>Tanto o Minist\u00e9rio de\u00a0Minas e Energia, quanto a Petrobras, argumentam\u00a0que o estudo deveria ter sido feito antes da licita\u00e7\u00e3o dos blocos. J\u00e1 o Ibama tem cobrado a realiza\u00e7\u00e3o do estudo, que \u00e9 de responsabilidade dos minist\u00e9rios do Meio Ambiente e de Minas e Energia.<\/p>\n<p>Esse estudo avalia, entre outros pontos, os poss\u00edveis impactos socioambientais decorrentes da explora\u00e7\u00e3o de petr\u00f3leo e g\u00e1s natural.<\/p>\n<p>Alexandre Silveira disse que tentou articular com o presidente do Ibama uma forma de superar os obst\u00e1culos para o licenciamento, mas que acabou surpreendido pela decis\u00e3o de negar a explora\u00e7\u00e3o da \u00e1rea.<\/p>\n<p>\u201cA pondera\u00e7\u00e3o para o Ibama era a de que antes de tomar a decis\u00e3o isso fosse melhor debatido. E tr\u00eas semanas se passaram quando fui surpreendido com a decis\u00e3o sem um debate mais profundo, que eu chamaria de um debate de governo sobre um tema que \u00e9 t\u00e3o estrat\u00e9gico para o Brasil e para o mundo. \u00c9 sentar \u00e0 mesa e dizer o que precisa ser feito, quais as pend\u00eancias para se superar a quest\u00e3o do licenciamento\u201d, disse.<\/p>\n<p>Localizada a cerca de 170 quil\u00f4metros da costa do Amap\u00e1 e a cerca de 500 quil\u00f4metros da Foz do Rio Amazonas, a regi\u00e3o tem sido apontada pela Petrobras e pelo Minist\u00e9rio de Minas e Energia como um poss\u00edvel novo pr\u00e9-sal.<\/p>\n<p>Fonte: Ag\u00eancia Brasil<\/p>\n","protected":false},"excerpt":{"rendered":"<p>A explora\u00e7\u00e3o de petr\u00f3leo e g\u00e1s na margem equatorial brasileira pode se tornar &#8220;intranspon\u00edvel&#8221;, caso seja mantida a exig\u00eancia para realizar novo estudo de Avalia\u00e7\u00e3o&#8230;<\/p>\n","protected":false},"author":1527,"featured_media":45589,"comment_status":"closed","ping_status":"closed","sticky":false,"template":"","format":"standard","meta":{"footnotes":""},"categories":[6],"tags":[],"class_list":["post-45588","post","type-post","status-publish","format-standard","has-post-thumbnail","hentry","category-noticias"],"_links":{"self":[{"href":"https:\/\/www.sincomam.org.br\/index.php\/wp-json\/wp\/v2\/posts\/45588","targetHints":{"allow":["GET"]}}],"collection":[{"href":"https:\/\/www.sincomam.org.br\/index.php\/wp-json\/wp\/v2\/posts"}],"about":[{"href":"https:\/\/www.sincomam.org.br\/index.php\/wp-json\/wp\/v2\/types\/post"}],"author":[{"embeddable":true,"href":"https:\/\/www.sincomam.org.br\/index.php\/wp-json\/wp\/v2\/users\/1527"}],"replies":[{"embeddable":true,"href":"https:\/\/www.sincomam.org.br\/index.php\/wp-json\/wp\/v2\/comments?post=45588"}],"version-history":[{"count":1,"href":"https:\/\/www.sincomam.org.br\/index.php\/wp-json\/wp\/v2\/posts\/45588\/revisions"}],"predecessor-version":[{"id":45590,"href":"https:\/\/www.sincomam.org.br\/index.php\/wp-json\/wp\/v2\/posts\/45588\/revisions\/45590"}],"wp:featuredmedia":[{"embeddable":true,"href":"https:\/\/www.sincomam.org.br\/index.php\/wp-json\/wp\/v2\/media\/45589"}],"wp:attachment":[{"href":"https:\/\/www.sincomam.org.br\/index.php\/wp-json\/wp\/v2\/media?parent=45588"}],"wp:term":[{"taxonomy":"category","embeddable":true,"href":"https:\/\/www.sincomam.org.br\/index.php\/wp-json\/wp\/v2\/categories?post=45588"},{"taxonomy":"post_tag","embeddable":true,"href":"https:\/\/www.sincomam.org.br\/index.php\/wp-json\/wp\/v2\/tags?post=45588"}],"curies":[{"name":"wp","href":"https:\/\/api.w.org\/{rel}","templated":true}]}}