{"id":45574,"date":"2023-05-24T11:13:55","date_gmt":"2023-05-24T14:13:55","guid":{"rendered":"http:\/\/www.sincomam.org.br\/?p=45574"},"modified":"2023-05-24T11:13:55","modified_gmt":"2023-05-24T14:13:55","slug":"pf-prende-2-em-operacao-contra-remessa-de-cocaina-em-navios-para-a-europa","status":"publish","type":"post","link":"https:\/\/www.sincomam.org.br\/index.php\/pf-prende-2-em-operacao-contra-remessa-de-cocaina-em-navios-para-a-europa\/","title":{"rendered":"PF prende 2 em opera\u00e7\u00e3o contra remessa de coca\u00edna em navios para a Europa"},"content":{"rendered":"<p>A Pol\u00edcia Federal (PF) prendeu nesta quarta-feira (24) duas pessoas na Opera\u00e7\u00e3o Novos Rumos, contra um esquema de remessa de coca\u00edna em navios do Rio de Janeiro para a Europa. Cerca de uma tonelada e meia da droga foi apreendida no decorrer das investiga\u00e7\u00f5es. Um dos presos \u00e9 mergulhador profissional.<\/p>\n<p>Agentes sa\u00edram para cumprir quatro mandados de pris\u00e3o preventiva e seis de busca e apreens\u00e3o expedidos pela Justi\u00e7a Federal do Rio de Janeiro, em endere\u00e7os na capital, em Mag\u00e9 e em Niter\u00f3i. Outras duas pessoas eram procuradas.<\/p>\n<p>Segundo as investiga\u00e7\u00f5es, o grupo criminoso, ligado ao Comando Vermelho, \u201cexporta\u201d a droga em sua forma mais pura, o cloridrato de coca\u00edna, inserindo-a clandestinamente em embarca\u00e7\u00f5es.<\/p>\n<p>\u201cPara ter acesso aos navios de interesse, o grupo contava com o apoio de funcion\u00e1rios contratados do Porto do Rio de Janeiro, que apresentavam as rotas das embarca\u00e7\u00f5es atracadas\u201d, afirmou a PF, em nota.<\/p>\n<p>Ainda de acordo com a PF, mergulhadores profissionais \u2014 alvo de mandados de pris\u00e3o desta quarta \u2014 integram o grupo criminoso e s\u00e3o respons\u00e1veis por ocultar a droga nos cascos dos navios.<\/p>\n<p>\u201cO nome da opera\u00e7\u00e3o [Novos Rumos] se deve ao fato de a principal fac\u00e7\u00e3o criminosa do Rio de Janeiro [Comando Vermelho] apresentar uma nova frente de atua\u00e7\u00e3o no tr\u00e1fico de entorpecentes, passando a atuar n\u00e3o s\u00f3 em \u00e2mbito local, mas tamb\u00e9m no tr\u00e1fico internacional de drogas\u201d, explicou a PF.<\/p>\n<p>Fonte: G1<\/p>\n","protected":false},"excerpt":{"rendered":"<p>A Pol\u00edcia Federal (PF) prendeu nesta quarta-feira (24) duas pessoas na Opera\u00e7\u00e3o Novos Rumos, contra um esquema de remessa de coca\u00edna em navios do Rio&#8230;<\/p>\n","protected":false},"author":1527,"featured_media":45575,"comment_status":"closed","ping_status":"closed","sticky":false,"template":"","format":"standard","meta":{"footnotes":""},"categories":[6],"tags":[],"class_list":["post-45574","post","type-post","status-publish","format-standard","has-post-thumbnail","hentry","category-noticias"],"_links":{"self":[{"href":"https:\/\/www.sincomam.org.br\/index.php\/wp-json\/wp\/v2\/posts\/45574","targetHints":{"allow":["GET"]}}],"collection":[{"href":"https:\/\/www.sincomam.org.br\/index.php\/wp-json\/wp\/v2\/posts"}],"about":[{"href":"https:\/\/www.sincomam.org.br\/index.php\/wp-json\/wp\/v2\/types\/post"}],"author":[{"embeddable":true,"href":"https:\/\/www.sincomam.org.br\/index.php\/wp-json\/wp\/v2\/users\/1527"}],"replies":[{"embeddable":true,"href":"https:\/\/www.sincomam.org.br\/index.php\/wp-json\/wp\/v2\/comments?post=45574"}],"version-history":[{"count":1,"href":"https:\/\/www.sincomam.org.br\/index.php\/wp-json\/wp\/v2\/posts\/45574\/revisions"}],"predecessor-version":[{"id":45576,"href":"https:\/\/www.sincomam.org.br\/index.php\/wp-json\/wp\/v2\/posts\/45574\/revisions\/45576"}],"wp:featuredmedia":[{"embeddable":true,"href":"https:\/\/www.sincomam.org.br\/index.php\/wp-json\/wp\/v2\/media\/45575"}],"wp:attachment":[{"href":"https:\/\/www.sincomam.org.br\/index.php\/wp-json\/wp\/v2\/media?parent=45574"}],"wp:term":[{"taxonomy":"category","embeddable":true,"href":"https:\/\/www.sincomam.org.br\/index.php\/wp-json\/wp\/v2\/categories?post=45574"},{"taxonomy":"post_tag","embeddable":true,"href":"https:\/\/www.sincomam.org.br\/index.php\/wp-json\/wp\/v2\/tags?post=45574"}],"curies":[{"name":"wp","href":"https:\/\/api.w.org\/{rel}","templated":true}]}}