{"id":45564,"date":"2023-05-24T10:41:27","date_gmt":"2023-05-24T13:41:27","guid":{"rendered":"http:\/\/www.sincomam.org.br\/?p=45564"},"modified":"2023-05-24T10:47:50","modified_gmt":"2023-05-24T13:47:50","slug":"encontro-dos-portos-sobre-o-sistema-desempenho-portuario-traz-recorde-de-participacao","status":"publish","type":"post","link":"https:\/\/www.sincomam.org.br\/index.php\/encontro-dos-portos-sobre-o-sistema-desempenho-portuario-traz-recorde-de-participacao\/","title":{"rendered":"Encontro dos Portos sobre o Sistema Desempenho Portu\u00e1rio traz recorde de participa\u00e7\u00e3o"},"content":{"rendered":"<p>Foi realizado nos dias 18 e 19 o 30\u00ba Encontro dos Portos sobre o Sistema Desempenho Portu\u00e1rio da ANTAQ. O evento, que aconteceu no Porto de Vit\u00f3ria (ES), contou com o apoio da Vports, primeiro porto totalmente concedido do pa\u00eds.<\/p>\n<p>O encontro \u00e9 promovido pela autarquia com todos os portos organizados do pa\u00eds e terminais privados para tratar de assuntos relacionados ao envio de dados ao Sistema de Desempenho Portu\u00e1rio, respons\u00e1vel por alimentar o Painel Estat\u00edstico Aquavi\u00e1rio da ANTAQ.<\/p>\n<p>O objetivo do encontro foi debater sobre a qualidade dos dados, tratar de sugest\u00f5es para manuten\u00e7\u00f5es evolutivas e corre\u00e7\u00f5es relacionadas \u00e0 problemas no sistema.<\/p>\n<p>Esse \u00e9 o primeiro evento presencial desde 2019, ap\u00f3s o advento da pandemia do coronavirus, o que gerou um recorde de participa\u00e7\u00e3o com quase 60 integrantes entre t\u00e9cnicos e funcion\u00e1rios dos portos e terminais brasileiros.<\/p>\n<p>O encontro contou com a presen\u00e7a do superintendente de Desempenho, Desenvolvimento e Sustentabilidade (SDS) da ANTAQ, Jos\u00e9 Renato Fialho. Ele afirmou que o encontro serve para estreitar la\u00e7os entre portos, terminais e autarquia que fazem com que o sistema de dados e de coleta de informa\u00e7\u00f5es seja refer\u00eancia mundial.<\/p>\n<p>\u201cSDP, assim como o Estat\u00edstico Aquavi\u00e1rio, s\u00e3o \u00fanicos no mundo, tanto em rela\u00e7\u00e3o \u00e0 tempestividade como \u00e0 quantidade de dados e indicadores, e isso s\u00f3 \u00e9 poss\u00edvel pela parceria que temos com os t\u00e9cnicos dos portos organizados e terminais privados. Encontros como esse s\u00e3o importantes para o estreitamento da rela\u00e7\u00e3o entre as equipes, al\u00e9m, claro, da troca de experi\u00eancias\u201d, disse.<\/p>\n<p><strong>Debates e visita ao porto<\/strong><\/p>\n<p>Al\u00e9m do superintendente da SDS, o encontro contou com a presen\u00e7a de integrantes da Superintend\u00eancia de Desempenho, Desenvolvimento e Sustentabilidade. Entre eles o gerente substituto da Ger\u00eancia de Estat\u00edstica e Avalia\u00e7\u00e3o de Desempenho (GEA-ANTAQ), Leopoldo Kirchner, que afirmou que o encontro serviu para representantes da autarquia, terminais privados e portos p\u00fablicos conhecerem as transforma\u00e7\u00f5es trazidas pela Vports ao Porto de Vit\u00f3ria.<\/p>\n<p>\u201cFoi uma experi\u00eancia muito boa onde o porto de Vit\u00f3ria pode mostrar como tem sido a transforma\u00e7\u00e3o ocorrida desde a sua privatiza\u00e7\u00e3o, que aconteceu h\u00e1 9 meses. O primeiro dia foi marcado por toda uma agenda de apresenta\u00e7\u00f5es da ANTAQ. J\u00e1 o segundo tivemos uma agenda da Vports onde pudemos fazer visitas ao Cais de Capuaba, ao centro de controle de VTMIS do porto, al\u00e9m de apresenta\u00e7\u00e3o institucional da empresa\u201d, comentou.<\/p>\n<p>Fonte: Portos e Navios<\/p>\n","protected":false},"excerpt":{"rendered":"<p>Foi realizado nos dias 18 e 19 o 30\u00ba Encontro dos Portos sobre o Sistema Desempenho Portu\u00e1rio da ANTAQ. O evento, que aconteceu no Porto&#8230;<\/p>\n","protected":false},"author":1527,"featured_media":45565,"comment_status":"closed","ping_status":"closed","sticky":false,"template":"","format":"standard","meta":{"footnotes":""},"categories":[6],"tags":[],"class_list":["post-45564","post","type-post","status-publish","format-standard","has-post-thumbnail","hentry","category-noticias"],"_links":{"self":[{"href":"https:\/\/www.sincomam.org.br\/index.php\/wp-json\/wp\/v2\/posts\/45564","targetHints":{"allow":["GET"]}}],"collection":[{"href":"https:\/\/www.sincomam.org.br\/index.php\/wp-json\/wp\/v2\/posts"}],"about":[{"href":"https:\/\/www.sincomam.org.br\/index.php\/wp-json\/wp\/v2\/types\/post"}],"author":[{"embeddable":true,"href":"https:\/\/www.sincomam.org.br\/index.php\/wp-json\/wp\/v2\/users\/1527"}],"replies":[{"embeddable":true,"href":"https:\/\/www.sincomam.org.br\/index.php\/wp-json\/wp\/v2\/comments?post=45564"}],"version-history":[{"count":3,"href":"https:\/\/www.sincomam.org.br\/index.php\/wp-json\/wp\/v2\/posts\/45564\/revisions"}],"predecessor-version":[{"id":45568,"href":"https:\/\/www.sincomam.org.br\/index.php\/wp-json\/wp\/v2\/posts\/45564\/revisions\/45568"}],"wp:featuredmedia":[{"embeddable":true,"href":"https:\/\/www.sincomam.org.br\/index.php\/wp-json\/wp\/v2\/media\/45565"}],"wp:attachment":[{"href":"https:\/\/www.sincomam.org.br\/index.php\/wp-json\/wp\/v2\/media?parent=45564"}],"wp:term":[{"taxonomy":"category","embeddable":true,"href":"https:\/\/www.sincomam.org.br\/index.php\/wp-json\/wp\/v2\/categories?post=45564"},{"taxonomy":"post_tag","embeddable":true,"href":"https:\/\/www.sincomam.org.br\/index.php\/wp-json\/wp\/v2\/tags?post=45564"}],"curies":[{"name":"wp","href":"https:\/\/api.w.org\/{rel}","templated":true}]}}