{"id":45561,"date":"2023-05-24T10:40:38","date_gmt":"2023-05-24T13:40:38","guid":{"rendered":"http:\/\/www.sincomam.org.br\/?p=45561"},"modified":"2023-05-24T10:40:38","modified_gmt":"2023-05-24T13:40:38","slug":"estudo-realizado-pela-infra-s-a-e-apresentado-em-audiencia-publica-do-porto-de-itaguai","status":"publish","type":"post","link":"https:\/\/www.sincomam.org.br\/index.php\/estudo-realizado-pela-infra-s-a-e-apresentado-em-audiencia-publica-do-porto-de-itaguai\/","title":{"rendered":"Estudo realizado pela Infra S.A. \u00e9 apresentado em audi\u00eancia p\u00fablica do Porto de Itagua\u00ed"},"content":{"rendered":"<p>Na \u00faltima sexta-feira (19), aconteceu a audi\u00eancia p\u00fablica para obter subs\u00eddios e sugest\u00f5es voltados ao aprimoramento dos documentos t\u00e9cnicos e jur\u00eddicos para a licita\u00e7\u00e3o do terminal ITG 02, no Porto Organizado de Itagua\u00ed (RJ). A Infra S.A. foi a empresa respons\u00e1vel pela elabora\u00e7\u00e3o dos estudos de viabilidade t\u00e9cnica, econ\u00f4mica e ambiental (EVTEA) da licita\u00e7\u00e3o do empreendimento.<\/p>\n<p>Representando a Infra estava o superintendente de Projetos Portu\u00e1rios e Aquavi\u00e1rios da Diretoria de Planejamento, Fernando Corr\u00eaa. \u201cA audi\u00eancia p\u00fablica foi uma oportunidade de apresentar \u00e0 sociedade o EVTEA, desenvolvido pela Infra S.A. e principalmente de receber valiosas contribui\u00e7\u00f5es dos diversos interessados. \u00c9 uma etapa importante, que com certeza trar\u00e1 melhorias ao estudo\u201d, afirmou.<\/p>\n<p>Esse \u00e9 o maior arrendamento em capacidade de carga colocado em audi\u00eancia p\u00fablica p\u00f3s mudan\u00e7a do marco legal do setor portu\u00e1rio em 2013, explica Fernando Corr\u00eaa. \u201cSer\u00e3o 21,4 milh\u00f5es de toneladas por ano e a Infra S.A. continuar\u00e1 prestando todo suporte t\u00e9cnico necess\u00e1rio ao poder concedente e \u00e0 Ag\u00eancia Reguladora nas fases subsequentes desse processo\u201d, concluiu.<\/p>\n<div id=\"beacon_ddccf6a01f\"><\/div>\n<p>A audi\u00eancia foi realizada pela Ag\u00eancia Nacional de Transportes Aquavi\u00e1rios (Antaq) e contou com a presen\u00e7a do diretor-geral, Eduardo Nery, que enalteceu as minutas documentais elaboradas pela Infra S.A.<\/p>\n<p>\u201cO ITG 02 \u00e9 uma \u00e1rea que j\u00e1 se tentou licitar, mas agora temos um projeto mais robusto que contou com um trabalho de excel\u00eancia da Infra S.A, que vem estruturando projetos com grande qualidade, o que nos d\u00e1 seguran\u00e7a para avan\u00e7ar com esse processo licitat\u00f3rio de forma a atender o interesse das cargas e dos usu\u00e1rios\u201d, disse.<\/p>\n<p>Ap\u00f3s essa etapa, os elementos ser\u00e3o enviados para fiscaliza\u00e7\u00e3o do Tribunal de Contas da Uni\u00e3o, nos termos da Instru\u00e7\u00e3o Normativa TCU 81\/2018, para posterior publica\u00e7\u00e3o do edital.<\/p>\n<p>Fonte: Portos e Navios<\/p>\n","protected":false},"excerpt":{"rendered":"<p>Na \u00faltima sexta-feira (19), aconteceu a audi\u00eancia p\u00fablica para obter subs\u00eddios e sugest\u00f5es voltados ao aprimoramento dos documentos t\u00e9cnicos e jur\u00eddicos para a licita\u00e7\u00e3o do&#8230;<\/p>\n","protected":false},"author":1527,"featured_media":45562,"comment_status":"closed","ping_status":"closed","sticky":false,"template":"","format":"standard","meta":{"footnotes":""},"categories":[6],"tags":[],"class_list":["post-45561","post","type-post","status-publish","format-standard","has-post-thumbnail","hentry","category-noticias"],"_links":{"self":[{"href":"https:\/\/www.sincomam.org.br\/index.php\/wp-json\/wp\/v2\/posts\/45561","targetHints":{"allow":["GET"]}}],"collection":[{"href":"https:\/\/www.sincomam.org.br\/index.php\/wp-json\/wp\/v2\/posts"}],"about":[{"href":"https:\/\/www.sincomam.org.br\/index.php\/wp-json\/wp\/v2\/types\/post"}],"author":[{"embeddable":true,"href":"https:\/\/www.sincomam.org.br\/index.php\/wp-json\/wp\/v2\/users\/1527"}],"replies":[{"embeddable":true,"href":"https:\/\/www.sincomam.org.br\/index.php\/wp-json\/wp\/v2\/comments?post=45561"}],"version-history":[{"count":1,"href":"https:\/\/www.sincomam.org.br\/index.php\/wp-json\/wp\/v2\/posts\/45561\/revisions"}],"predecessor-version":[{"id":45563,"href":"https:\/\/www.sincomam.org.br\/index.php\/wp-json\/wp\/v2\/posts\/45561\/revisions\/45563"}],"wp:featuredmedia":[{"embeddable":true,"href":"https:\/\/www.sincomam.org.br\/index.php\/wp-json\/wp\/v2\/media\/45562"}],"wp:attachment":[{"href":"https:\/\/www.sincomam.org.br\/index.php\/wp-json\/wp\/v2\/media?parent=45561"}],"wp:term":[{"taxonomy":"category","embeddable":true,"href":"https:\/\/www.sincomam.org.br\/index.php\/wp-json\/wp\/v2\/categories?post=45561"},{"taxonomy":"post_tag","embeddable":true,"href":"https:\/\/www.sincomam.org.br\/index.php\/wp-json\/wp\/v2\/tags?post=45561"}],"curies":[{"name":"wp","href":"https:\/\/api.w.org\/{rel}","templated":true}]}}