{"id":4555,"date":"2014-03-28T09:33:13","date_gmt":"2014-03-28T12:33:13","guid":{"rendered":"http:\/\/www.sincomam.org.br\/?p=4555"},"modified":"2014-03-28T09:33:13","modified_gmt":"2014-03-28T12:33:13","slug":"pt-quer-incluir-alstom-cemig-e-suape-na-cpi-da-petrobras","status":"publish","type":"post","link":"https:\/\/www.sincomam.org.br\/index.php\/pt-quer-incluir-alstom-cemig-e-suape-na-cpi-da-petrobras\/","title":{"rendered":"PT quer incluir Alstom, Cemig e Suape na CPI da Petrobras"},"content":{"rendered":"<p>O l\u00edder do PT na C\u00e2mara dos Deputados, Vicentinho (SP), indicou, na tarde de ontem, quinta-feira, 27, que seu partido pretende radicalizar a ofensiva contra a instala\u00e7\u00e3o de uma CPI para investigar a Petrobras do Congresso. Negando fazer uma amea\u00e7a \u00e0 oposi\u00e7\u00e3o, ele disse que apoiar\u00e1 a abertura da investiga\u00e7\u00e3o sobre a Petrobras se a mesma CPI tamb\u00e9m investigar casos relacionados aos governos estaduais comandados por PSDB e PSB, siglas dos principais advers\u00e1rios da presidente Dilma Rousseff na elei\u00e7\u00e3o deste ano \u2013 o senador mineiro A\u00e9cio Neves (PSDB) e o governador pernambucano Eduardo Campos (PE).<\/p>\n<p>Vicentinho disse que, caso a oposi\u00e7\u00e3o n\u00e3o aceite estender as investiga\u00e7\u00f5es para al\u00e9m da Petrobras, ele come\u00e7ar\u00e1 a recolher assinaturas para uma outra CPI mista, que ter\u00e1 como objetivo espec\u00edfico investigar a rela\u00e7\u00e3o do caso Alstom com o governo de S\u00e3o Paulo, a implica\u00e7\u00e3o da Companhia Energ\u00e9tica de Minas Gerais (Cemig) no mensal\u00e3o tucano e at\u00e9 o porto de Suape \u2013 apesar de ele n\u00e3o apontar a exist\u00eancia de nenhuma suspeita de irregularidade no porto pernambucano.<\/p>\n<p>\u201cVou levar para a minha bancada, na pr\u00f3xima ter\u00e7a-feira, a proposta de incluir um adendo nessa CPI [da Petrobras] para investigar os casos da Alstom de S\u00e3o Paulo [&#8230;] At\u00e9 casos como da Suape&#8230; Informa\u00e7\u00f5es de den\u00fancias que surgem por a\u00ed. Vamos saber o que aconteceu com a Cemig\u201d, afirmou Vicentinho, em entrevista coletiva convocada pela lideran\u00e7a do PT na C\u00e2mara dos Deputados.<\/p>\n<p>Questionado sobre quais fatos ele gostaria de investigar a respeito do porto de Suape, ele respondeu: \u201cN\u00e3o sei. N\u00e3o posso dizer nada&#8230; [Seria] Uma CPI para discutir todos esses casos\u201d. Sobre a necessidade de haver um fato determinado como objeto de investiga\u00e7\u00e3o para a CPI poder ser validada, ele disse: \u201cN\u00f3s vamos colocar objeto. A \u00fanica coisa que eu estou falando \u00e9 que eu vou levar para a minha bancada essa proposta, a gente vai aperfei\u00e7oar essa proposta na reuni\u00e3o de bancada\u201d.<\/p>\n<p><b>Coagidos<\/b><\/p>\n<p>Vicentinho afirmou ainda, que parlamentares do PSB que n\u00e3o queriam sequer assinar a CPI da Petrobras foram obrigados a faz\u00ea-lo, mas n\u00e3o citou nenhum nome.<\/p>\n<p>O l\u00edder do PT negou ter tido orienta\u00e7\u00e3o do governo para dar essas declara\u00e7\u00f5es. Disse que tamb\u00e9m n\u00e3o se trata de uma decis\u00e3o tomada em inst\u00e2ncias partid\u00e1rias. \u201c\u00c9 uma decis\u00e3o que eu estou tomando agora\u201d, afirmou.<\/p>\n<p>\u201cO caso Alstom \u00e9 vergonhoso. \u00c9 um caso que ningu\u00e9m investigou porque n\u00e3o deixaram investigar\u201d, afirmou Vicentinho. Segundo ele, \u201cfoi tentado fazer uma CPI [sobre o caso Alstom] em S\u00e3o Paulo e n\u00e3o deixaram. Ali\u00e1s, o governo de S\u00e3o Paulo nunca deixou abrir uma CPI l\u00e1\u201d.<\/p>\n<p>A empresa Alstom \u00e9 mencionada pelo Minist\u00e9rio P\u00fablico (MP) em investiga\u00e7\u00f5es sobre o suposto cartel formado para fraudar licita\u00e7\u00f5es do metr\u00f4 de S\u00e3o Paulo no per\u00edodo que abrange os governos de M\u00e1rio Covas, Geraldo Alckmin e Jos\u00e9 Serra, todos filiados ao PSDB. A empresa tamb\u00e9m foi mencionada pelo MP em investiga\u00e7\u00f5es sobre ela ter, supostamente, pago propina para evitar uma concorr\u00eancia da Empresa Paulista de Transmiss\u00e3o de Energia nas gest\u00f5es de Covas e Alckmin.<\/p>\n<p>J\u00e1 a Cemig foi inclu\u00edda pela Pol\u00edcia Federal na investiga\u00e7\u00e3o que embasou a den\u00fancia do mensal\u00e3o mineiro, um esquema que, supostamente, foi montado para desviar dinheiro de empresas p\u00fablicas de Minas Gerais para financiar a campanha pela reelei\u00e7\u00e3o do ent\u00e3o governador Eduardo Azeredo (PSDB), em 1998.<\/p>\n<p>Fonte: Valor Econ\u00f4mico\/F\u00e1bio Brandt<\/p>\n","protected":false},"excerpt":{"rendered":"<p>O l\u00edder do PT na C\u00e2mara dos Deputados, Vicentinho (SP), indicou, na tarde de ontem, quinta-feira, 27, que seu partido pretende radicalizar a ofensiva contra&#8230;<\/p>\n","protected":false},"author":1182,"featured_media":3847,"comment_status":"closed","ping_status":"closed","sticky":false,"template":"","format":"standard","meta":{"footnotes":""},"categories":[6],"tags":[843,842,831,297,58,841,614],"class_list":["post-4555","post","type-post","status-publish","format-standard","has-post-thumbnail","hentry","category-noticias","tag-alstom","tag-cemig","tag-cpi","tag-investigacao","tag-petrobras","tag-pt","tag-suape"],"_links":{"self":[{"href":"https:\/\/www.sincomam.org.br\/index.php\/wp-json\/wp\/v2\/posts\/4555","targetHints":{"allow":["GET"]}}],"collection":[{"href":"https:\/\/www.sincomam.org.br\/index.php\/wp-json\/wp\/v2\/posts"}],"about":[{"href":"https:\/\/www.sincomam.org.br\/index.php\/wp-json\/wp\/v2\/types\/post"}],"author":[{"embeddable":true,"href":"https:\/\/www.sincomam.org.br\/index.php\/wp-json\/wp\/v2\/users\/1182"}],"replies":[{"embeddable":true,"href":"https:\/\/www.sincomam.org.br\/index.php\/wp-json\/wp\/v2\/comments?post=4555"}],"version-history":[{"count":1,"href":"https:\/\/www.sincomam.org.br\/index.php\/wp-json\/wp\/v2\/posts\/4555\/revisions"}],"predecessor-version":[{"id":4556,"href":"https:\/\/www.sincomam.org.br\/index.php\/wp-json\/wp\/v2\/posts\/4555\/revisions\/4556"}],"wp:featuredmedia":[{"embeddable":true,"href":"https:\/\/www.sincomam.org.br\/index.php\/wp-json\/wp\/v2\/media\/3847"}],"wp:attachment":[{"href":"https:\/\/www.sincomam.org.br\/index.php\/wp-json\/wp\/v2\/media?parent=4555"}],"wp:term":[{"taxonomy":"category","embeddable":true,"href":"https:\/\/www.sincomam.org.br\/index.php\/wp-json\/wp\/v2\/categories?post=4555"},{"taxonomy":"post_tag","embeddable":true,"href":"https:\/\/www.sincomam.org.br\/index.php\/wp-json\/wp\/v2\/tags?post=4555"}],"curies":[{"name":"wp","href":"https:\/\/api.w.org\/{rel}","templated":true}]}}