{"id":45542,"date":"2023-05-23T10:39:57","date_gmt":"2023-05-23T13:39:57","guid":{"rendered":"http:\/\/www.sincomam.org.br\/?p=45542"},"modified":"2023-05-23T10:39:57","modified_gmt":"2023-05-23T13:39:57","slug":"temporada-de-cruzeiros-2022-2023-sinaliza-tendencia-de-porto-de-salvador-como-home-port","status":"publish","type":"post","link":"https:\/\/www.sincomam.org.br\/index.php\/temporada-de-cruzeiros-2022-2023-sinaliza-tendencia-de-porto-de-salvador-como-home-port\/","title":{"rendered":"Temporada de cruzeiros 2022\/2023 sinaliza tend\u00eancia de Porto de Salvador como home port"},"content":{"rendered":"<p>A temporada de cruzeiros 2022\/2023, que se encerrou em abril, renovou as esperan\u00e7as dos representantes do setor por uma expans\u00e3o crescente do segmento e pela realiza\u00e7\u00e3o do potencial de turismo n\u00e1utico brasileiro. Considerada a maior dos \u00faltimos 10 anos, representa tamb\u00e9m uma recupera\u00e7\u00e3o surpreendente desse mercado ap\u00f3s os efeitos do isolamento social e da pandemia. Os dados da Associa\u00e7\u00e3o Brasileira de Cruzeiros Mar\u00edtimos (CLIA Brasil) comprovam os \u00f3timos resultados: foram quase 700 mil cruzeiristas embarcados \u2013 quatro vezes mais do que em 2021\/2022 \u2013, cerca de 48 mil empregos gerados no pa\u00eds e um impacto econ\u00f4mico de, aproximadamente, R$ 3,6 bilh\u00f5es \u2013 aumento de 240% em rela\u00e7\u00e3o \u00e0 temporada anterior.<\/p>\n<p>Em Salvador, ap\u00f3s um intervalo de dois anos sem a recep\u00e7\u00e3o de cruzeiros mar\u00edtimos, a expectativa tamb\u00e9m era grande. E, para al\u00e9m do planejado, o Terminal Mar\u00edtimo da cidade registrou resultados impressionantes, com aumento de mais de 59% com rela\u00e7\u00e3o \u00e0 temporada 2018\/2019. Em valores absolutos, o terminal movimentou cerca de 240 mil cruzeiristas, tratando-se da maior temporada de cruzeiros da hist\u00f3ria do Porto de Salvador.<\/p>\n<p>Os resultados positivos do Terminal Mar\u00edtimo de Salvador v\u00e3o al\u00e9m do total de movimenta\u00e7\u00e3o. H\u00e1 tamb\u00e9m a confirma\u00e7\u00e3o da tend\u00eancia de transforma\u00e7\u00e3o do Porto de Salvador em Home Port. Assim como muitos outros destinos no Brasil, Salvador recebe majoritariamente turistas em tr\u00e2nsito, que t\u00eam como ponto de in\u00edcio de suas viagens outros portos nacionais e internacionais e que visitavam a cidade. Na temporada 2018\/2019, cerca de 8% dos passageiros tiveram a capital baiana como ponto de origem ou destino. J\u00e1 em 2018\/2019, esse volume passou para 12%, o que representa aumento de aproximadamente 50% na quantidade de passageiros que escolheram o Porto de Salvador para iniciar ou concluir suas viagens.<\/p>\n<div id=\"beacon_5d3761400e\"><\/div>\n<p>Podemos inferir que a indica\u00e7\u00e3o do Terminal Mar\u00edtimo de Salvador como home port para o Nordeste se deve a uma s\u00e9rie de fatores econ\u00f4micos \u2013 como o aumento do valor das passagens a\u00e9reas e a demanda reprimida pela pandemia \u2013, que fizeram com que os turistas do Nordeste optassem por embarcar e desembarcar em um porto mais pr\u00f3ximo. Antes, era comum que as pessoas sa\u00edssem de v\u00e1rias partes do pa\u00eds com destino a S\u00e3o Paulo para embarcar em Santos, mas acreditamos que a tend\u00eancia de Salvador como um home port para toda a regi\u00e3o vai se consolidar nas pr\u00f3ximas temporadas.<\/p>\n<p>Outra tend\u00eancia que est\u00e1 se firmando e contribuindo para o incremento dos nossos resultados \u00e9 o aumento da capacidade de leitos das embarca\u00e7\u00f5es. Na \u00faltima temporada, o Porto de Salvador recebeu dois navios da categoria 5 mil passageiros, com n\u00fameros expressivos de ocupa\u00e7\u00e3o: cerca de 80%. Para a pr\u00f3xima temporada, a programa\u00e7\u00e3o \u00e9 que Salvador receba novamente os mesmos navios dessa categoria e um novo, com capacidade para mais de 6 mil cruzeiristas.<\/p>\n<p>Estamos certos de que o cen\u00e1rio atual evidencia uma recupera\u00e7\u00e3o do setor, ap\u00f3s o enfrentamento de seu pior momento. Os n\u00fameros s\u00e3o animadores e, al\u00e9m da atra\u00e7\u00e3o de novos navios, a categoria tem trabalhado na expans\u00e3o dos destinos para que possam diversificar as rotas e, assim, ofertar novos roteiros. Esse movimento trar\u00e1 investimentos em infraestrutura e deve movimentar ainda mais portos no Brasil.<\/p>\n<p>Fonte: Portos e Navios<\/p>\n","protected":false},"excerpt":{"rendered":"<p>A temporada de cruzeiros 2022\/2023, que se encerrou em abril, renovou as esperan\u00e7as dos representantes do setor por uma expans\u00e3o crescente do segmento e pela&#8230;<\/p>\n","protected":false},"author":1527,"featured_media":45543,"comment_status":"closed","ping_status":"closed","sticky":false,"template":"","format":"standard","meta":{"footnotes":""},"categories":[6],"tags":[],"class_list":["post-45542","post","type-post","status-publish","format-standard","has-post-thumbnail","hentry","category-noticias"],"_links":{"self":[{"href":"https:\/\/www.sincomam.org.br\/index.php\/wp-json\/wp\/v2\/posts\/45542","targetHints":{"allow":["GET"]}}],"collection":[{"href":"https:\/\/www.sincomam.org.br\/index.php\/wp-json\/wp\/v2\/posts"}],"about":[{"href":"https:\/\/www.sincomam.org.br\/index.php\/wp-json\/wp\/v2\/types\/post"}],"author":[{"embeddable":true,"href":"https:\/\/www.sincomam.org.br\/index.php\/wp-json\/wp\/v2\/users\/1527"}],"replies":[{"embeddable":true,"href":"https:\/\/www.sincomam.org.br\/index.php\/wp-json\/wp\/v2\/comments?post=45542"}],"version-history":[{"count":1,"href":"https:\/\/www.sincomam.org.br\/index.php\/wp-json\/wp\/v2\/posts\/45542\/revisions"}],"predecessor-version":[{"id":45544,"href":"https:\/\/www.sincomam.org.br\/index.php\/wp-json\/wp\/v2\/posts\/45542\/revisions\/45544"}],"wp:featuredmedia":[{"embeddable":true,"href":"https:\/\/www.sincomam.org.br\/index.php\/wp-json\/wp\/v2\/media\/45543"}],"wp:attachment":[{"href":"https:\/\/www.sincomam.org.br\/index.php\/wp-json\/wp\/v2\/media?parent=45542"}],"wp:term":[{"taxonomy":"category","embeddable":true,"href":"https:\/\/www.sincomam.org.br\/index.php\/wp-json\/wp\/v2\/categories?post=45542"},{"taxonomy":"post_tag","embeddable":true,"href":"https:\/\/www.sincomam.org.br\/index.php\/wp-json\/wp\/v2\/tags?post=45542"}],"curies":[{"name":"wp","href":"https:\/\/api.w.org\/{rel}","templated":true}]}}