{"id":45508,"date":"2023-05-22T11:12:20","date_gmt":"2023-05-22T14:12:20","guid":{"rendered":"http:\/\/www.sincomam.org.br\/?p=45508"},"modified":"2023-05-22T11:12:20","modified_gmt":"2023-05-22T14:12:20","slug":"anp-conclui-desinterdicao-de-instalacoes-do-polo-bahia-terra","status":"publish","type":"post","link":"https:\/\/www.sincomam.org.br\/index.php\/anp-conclui-desinterdicao-de-instalacoes-do-polo-bahia-terra\/","title":{"rendered":"ANP conclui desinterdi\u00e7\u00e3o de instala\u00e7\u00f5es do Polo Bahia Terra"},"content":{"rendered":"<p>A ANP concluiu na sexta-feira (19) o processo de desinterdi\u00e7\u00e3o das 38 instala\u00e7\u00f5es do Polo Bahia Terra que tiveram a opera\u00e7\u00e3o paralisada pela ag\u00eancia em dezembro de 2022, por quest\u00f5es de seguran\u00e7a. Com isso, ser\u00e1 retornada cerca de 32% da produ\u00e7\u00e3o terrestre de petr\u00f3leo e g\u00e1s natural no estado da Bahia, com 1.291,8 m\u00b3\/dia de petr\u00f3leo e 373,2 mil m\u00b3\/dia de g\u00e1s natural.<\/p>\n<p>O hist\u00f3rico das atividades do Grupo de Trabalho (GT) criado pela ANP para monitorar a situa\u00e7\u00e3o do Polo Bahia Terra e articular as a\u00e7\u00f5es necess\u00e1rias \u00e0 retomada completa e segura de sua produ\u00e7\u00e3o pode ser consultada na p\u00e1gina espec\u00edfica publicada pela Ag\u00eancia.<\/p>\n<p>Ao longo do processo foram analisadas 836 condicionantes, das quais 610 foram aprovadas em primeira an\u00e1lise e 226 necessitaram de complementa\u00e7\u00e3o de informa\u00e7\u00f5es antes da aprova\u00e7\u00e3o. Assim, foram realizadas no total 1.024 an\u00e1lises, ao longo de 34 pareceres oriundos de cerca de 200 documentos analisados.<\/p>\n<div id=\"beacon_21747ea700\"><\/div>\n<p>Ao todo, 28 campos terrestres haviam tido sua produ\u00e7\u00e3o paralisada: Ara\u00e7\u00e1s, Buracica, Can\u00e1rio da Terra, Can\u00e1rio da Terra Sul, Cantagalo, Cidade de Entre Rios, Fazenda Alvorada, Fazenda Azevedo, Fazenda B\u00e1lsamo, Fazenda Boa Esperan\u00e7a, Fazenda Imb\u00e9, Fazenda Panelas, Gurit\u00e3, Gurit\u00e3 Sul, Jandaia, Lamar\u00e3o, Leod\u00f3rio, Malomb\u00ea, Mandacaru, Massap\u00ea, Riacho da Barra, Riacho Ouricuri, Rio da Serra, Rio do Bu, Rio Itariri, Rio Sauipe, Tangar\u00e1 e Taquipe.<\/p>\n<p>Fonte: Portos e Navios<\/p>\n","protected":false},"excerpt":{"rendered":"<p>A ANP concluiu na sexta-feira (19) o processo de desinterdi\u00e7\u00e3o das 38 instala\u00e7\u00f5es do Polo Bahia Terra que tiveram a opera\u00e7\u00e3o paralisada pela ag\u00eancia em&#8230;<\/p>\n","protected":false},"author":1527,"featured_media":45509,"comment_status":"closed","ping_status":"closed","sticky":false,"template":"","format":"standard","meta":{"footnotes":""},"categories":[6],"tags":[],"class_list":["post-45508","post","type-post","status-publish","format-standard","has-post-thumbnail","hentry","category-noticias"],"_links":{"self":[{"href":"https:\/\/www.sincomam.org.br\/index.php\/wp-json\/wp\/v2\/posts\/45508","targetHints":{"allow":["GET"]}}],"collection":[{"href":"https:\/\/www.sincomam.org.br\/index.php\/wp-json\/wp\/v2\/posts"}],"about":[{"href":"https:\/\/www.sincomam.org.br\/index.php\/wp-json\/wp\/v2\/types\/post"}],"author":[{"embeddable":true,"href":"https:\/\/www.sincomam.org.br\/index.php\/wp-json\/wp\/v2\/users\/1527"}],"replies":[{"embeddable":true,"href":"https:\/\/www.sincomam.org.br\/index.php\/wp-json\/wp\/v2\/comments?post=45508"}],"version-history":[{"count":1,"href":"https:\/\/www.sincomam.org.br\/index.php\/wp-json\/wp\/v2\/posts\/45508\/revisions"}],"predecessor-version":[{"id":45510,"href":"https:\/\/www.sincomam.org.br\/index.php\/wp-json\/wp\/v2\/posts\/45508\/revisions\/45510"}],"wp:featuredmedia":[{"embeddable":true,"href":"https:\/\/www.sincomam.org.br\/index.php\/wp-json\/wp\/v2\/media\/45509"}],"wp:attachment":[{"href":"https:\/\/www.sincomam.org.br\/index.php\/wp-json\/wp\/v2\/media?parent=45508"}],"wp:term":[{"taxonomy":"category","embeddable":true,"href":"https:\/\/www.sincomam.org.br\/index.php\/wp-json\/wp\/v2\/categories?post=45508"},{"taxonomy":"post_tag","embeddable":true,"href":"https:\/\/www.sincomam.org.br\/index.php\/wp-json\/wp\/v2\/tags?post=45508"}],"curies":[{"name":"wp","href":"https:\/\/api.w.org\/{rel}","templated":true}]}}