{"id":45495,"date":"2023-05-22T10:48:09","date_gmt":"2023-05-22T13:48:09","guid":{"rendered":"http:\/\/www.sincomam.org.br\/?p=45495"},"modified":"2023-05-22T12:00:33","modified_gmt":"2023-05-22T15:00:33","slug":"atp-leva-ministro-marcio-franca-diretores-da-antaq-e-associadas-para-sua-primeira-missao-internacional-na-belgica","status":"publish","type":"post","link":"https:\/\/www.sincomam.org.br\/index.php\/atp-leva-ministro-marcio-franca-diretores-da-antaq-e-associadas-para-sua-primeira-missao-internacional-na-belgica\/","title":{"rendered":"ATP leva ministro M\u00e1rcio Fran\u00e7a, diretores da Antaq e associadas para sua primeira Miss\u00e3o Internacional, na B\u00e9lgica"},"content":{"rendered":"<p>O diretor-presidente da Associa\u00e7\u00e3o de Terminais Portu\u00e1rios Privados (ATP), Murillo Barbosa, e o ministro de Portos e Aeroportos, M\u00e1rcio Fran\u00e7a, participar\u00e3o de miss\u00e3o de cinco dias destinada a visitar os terminais portu\u00e1rios na B\u00e9lgica, a partir desta segunda-feira (22). Eles analisar\u00e3o o padr\u00e3o de gest\u00e3o dos portos belgas, que tem flexibilidade de administra\u00e7\u00e3o muito semelhante \u00e0 de um porto privado, ao lado do diretor-geral da Ag\u00eancia Nacional de Transportes Aquavi\u00e1rios (Antaq), Eduardo Nery, e de outros executivos do segmento.<\/p>\n<p>Liderada pela ATP, a comitiva, com 39 participantes, visitar\u00e1 o Porto de Antu\u00e9rpia, um dos maiores da Europa; o Porto de Ghent, um dos maiores portos fluviais do continente; e o Porto de Zeebrugges, importante centro de transporte e log\u00edstica para cargas; entre outros locais. Representantes de 16 empresas associadas \u00e0 entidade tamb\u00e9m comp\u00f5em o grupo.<\/p>\n<p>\u201cA escolha dos portos belgas possui duas justificativas centrais. A primeira \u00e9 a parceria do porto da Antu\u00e9rpia com o Porto do A\u00e7u, o que facilitou a organiza\u00e7\u00e3o da viagem. A segunda \u00e9 o padr\u00e3o de gest\u00e3o dos portos belgas que, embora adotem o modelo Landlord, t\u00eam uma flexibilidade de gest\u00e3o muito semelhante \u00e0 de um porto privado\u201d, ressaltou o presidente da ATP. Ele destacou que a Miss\u00e3o ATP B\u00e9lgica \u00e9 uma das atividades que celebram os 10 anos da associa\u00e7\u00e3o.<\/p>\n<p>O LandLord Port \u00e9 um modelo de gest\u00e3o portu\u00e1ria em que a infraestrutura do porto \u00e9 provida pelo Estado, e o setor privado fica respons\u00e1vel pelo fornecimento de superestrutura e pela realiza\u00e7\u00e3o das opera\u00e7\u00f5es portu\u00e1rias, por meio de arrendamentos (concess\u00f5es).<\/p>\n<p>Tamb\u00e9m integram a miss\u00e3o os diretores da Antaq Alber Furtado, Caio C\u00e9sar Farias Le\u00f4ncio e Wilson Lima e o diretor de Rela\u00e7\u00f5es Institucionais da Confedera\u00e7\u00e3o Nacional dos Transportes (CNT), Valter Souza.<\/p>\n<p>Fonte: Portos e Navios<\/p>\n","protected":false},"excerpt":{"rendered":"<p>O diretor-presidente da Associa\u00e7\u00e3o de Terminais Portu\u00e1rios Privados (ATP), Murillo Barbosa, e o ministro de Portos e Aeroportos, M\u00e1rcio Fran\u00e7a, participar\u00e3o de miss\u00e3o de cinco&#8230;<\/p>\n","protected":false},"author":1527,"featured_media":45496,"comment_status":"closed","ping_status":"closed","sticky":false,"template":"","format":"standard","meta":{"footnotes":""},"categories":[6],"tags":[],"class_list":["post-45495","post","type-post","status-publish","format-standard","has-post-thumbnail","hentry","category-noticias"],"_links":{"self":[{"href":"https:\/\/www.sincomam.org.br\/index.php\/wp-json\/wp\/v2\/posts\/45495","targetHints":{"allow":["GET"]}}],"collection":[{"href":"https:\/\/www.sincomam.org.br\/index.php\/wp-json\/wp\/v2\/posts"}],"about":[{"href":"https:\/\/www.sincomam.org.br\/index.php\/wp-json\/wp\/v2\/types\/post"}],"author":[{"embeddable":true,"href":"https:\/\/www.sincomam.org.br\/index.php\/wp-json\/wp\/v2\/users\/1527"}],"replies":[{"embeddable":true,"href":"https:\/\/www.sincomam.org.br\/index.php\/wp-json\/wp\/v2\/comments?post=45495"}],"version-history":[{"count":1,"href":"https:\/\/www.sincomam.org.br\/index.php\/wp-json\/wp\/v2\/posts\/45495\/revisions"}],"predecessor-version":[{"id":45497,"href":"https:\/\/www.sincomam.org.br\/index.php\/wp-json\/wp\/v2\/posts\/45495\/revisions\/45497"}],"wp:featuredmedia":[{"embeddable":true,"href":"https:\/\/www.sincomam.org.br\/index.php\/wp-json\/wp\/v2\/media\/45496"}],"wp:attachment":[{"href":"https:\/\/www.sincomam.org.br\/index.php\/wp-json\/wp\/v2\/media?parent=45495"}],"wp:term":[{"taxonomy":"category","embeddable":true,"href":"https:\/\/www.sincomam.org.br\/index.php\/wp-json\/wp\/v2\/categories?post=45495"},{"taxonomy":"post_tag","embeddable":true,"href":"https:\/\/www.sincomam.org.br\/index.php\/wp-json\/wp\/v2\/tags?post=45495"}],"curies":[{"name":"wp","href":"https:\/\/api.w.org\/{rel}","templated":true}]}}