{"id":45486,"date":"2023-05-19T11:01:37","date_gmt":"2023-05-19T14:01:37","guid":{"rendered":"http:\/\/www.sincomam.org.br\/?p=45486"},"modified":"2023-05-19T11:01:37","modified_gmt":"2023-05-19T14:01:37","slug":"numero-de-trabalhadores-com-mais-de-50-anos-dobra-no-pais","status":"publish","type":"post","link":"https:\/\/www.sincomam.org.br\/index.php\/numero-de-trabalhadores-com-mais-de-50-anos-dobra-no-pais\/","title":{"rendered":"N\u00famero de trabalhadores com mais de 50 anos dobra no pa\u00eds"},"content":{"rendered":"<p>Em 15 anos, o n\u00famero de trabalhadores acima de 50 anos dobrou no pa\u00eds. Em 2006, eram 4,4 milh\u00f5es de pessoas e, em 2021, passaram para 9,3 milh\u00f5es \u2013 aumento de 110,6%. O levantamento \u00e9 do Servi\u00e7o Nacional de Aprendizagem Industrial (Senai), ligado \u00e0 Confedera\u00e7\u00e3o Nacional da Ind\u00fastria (CNI), a partir de dados da Rela\u00e7\u00e3o Anual de Informa\u00e7\u00f5es Sociais (RAIS), que disponibiliza dados sobre mercado de trabalho para estat\u00edsticas. <\/p>\n<p>Conforme o levantamento, no per\u00edodo analisado, o estoque de emprego geral cresceu 38,6%, o que mostra o ritmo de crescimento da presen\u00e7a de trabalhadores com 50 anos ou mais foi quase tr\u00eas vezes maior em compara\u00e7\u00e3o ao emprego geral.<\/p>\n<p>Os trabalhadores na faixa et\u00e1ria dos 50 ocupavam 12,6% das vagas em 2006. O percentual subiu para 19,1% em 2021. \u201cA participa\u00e7\u00e3o desse grupo no estoque de emprego formal cresceu 51,6% nessa d\u00e9cada e meia\u201d, revela a pesquisa.<\/p>\n<p>Para o Senai, os resultados apontam para uma tend\u00eancia e a import\u00e2ncia de elabora\u00e7\u00e3o de pol\u00edticas, por parte dos governos, empresas e institui\u00e7\u00f5es de ensino, focadas na requalifica\u00e7\u00e3o desses profissionais com objetivo da perman\u00eancia no mercado de trabalho ou recoloca\u00e7\u00e3o.<\/p>\n<p><strong>Mulheres<\/strong><br \/>\nEm uma d\u00e9cada e meia, a participa\u00e7\u00e3o das mulheres com mais de 50 anos no mercado de trabalho cresceu mais em rela\u00e7\u00e3o a dos homens da mesma faixa et\u00e1ria. Entre elas, a alta foi de 120% entre 2006 e 2021. Por\u00e9m, as mulheres respondem por menos da metade dos trabalhadores (42,4%) acima de 50.<\/p>\n<p><strong>Setores<\/strong><br \/>\nEntre os setores da economia com maior contrata\u00e7\u00e3o de pessoas com 50 anos ou mais, aparecem com\u00e9rcio (164%), servi\u00e7os (136%) e ind\u00fastria (96%).<\/p>\n<p>Apenas a ind\u00fastria (transforma\u00e7\u00e3o, extrativa mineral, servi\u00e7os de utilidade p\u00fablica e constru\u00e7\u00e3o civil) registrou 1,5 milh\u00e3o de funcion\u00e1rios na faixa et\u00e1ria no ano de 2020.<\/p>\n<p><strong>Estados e regi\u00e3o<\/strong><br \/>\nNa an\u00e1lise por regi\u00f5es, metade dos trabalhadores est\u00e1 no Sudeste. Por\u00e9m, as regi\u00f5es Norte e Centro-Oeste foram as com os maiores aumentos proporcionais de contrata\u00e7\u00e3o, sendo 129% e 132% respectivamente, superando a m\u00e9dia nacional de 110,5%. \u201cTodos os estados do Nordeste e do Sudeste tiveram um ritmo de contrata\u00e7\u00f5es de 50+ abaixo da m\u00e9dia, com exce\u00e7\u00e3o do Maranh\u00e3o, que aumentou em 139,4%, e de S\u00e3o Paulo, com 118,6%\u201d, aponta a pesquisa.<\/p>\n<p>Fonte: Ag\u00eancia Brasil<\/p>\n","protected":false},"excerpt":{"rendered":"<p>Em 15 anos, o n\u00famero de trabalhadores acima de 50 anos dobrou no pa\u00eds. Em 2006, eram 4,4 milh\u00f5es de pessoas e, em 2021, passaram&#8230;<\/p>\n","protected":false},"author":1527,"featured_media":45487,"comment_status":"closed","ping_status":"closed","sticky":false,"template":"","format":"standard","meta":{"footnotes":""},"categories":[6],"tags":[],"class_list":["post-45486","post","type-post","status-publish","format-standard","has-post-thumbnail","hentry","category-noticias"],"_links":{"self":[{"href":"https:\/\/www.sincomam.org.br\/index.php\/wp-json\/wp\/v2\/posts\/45486","targetHints":{"allow":["GET"]}}],"collection":[{"href":"https:\/\/www.sincomam.org.br\/index.php\/wp-json\/wp\/v2\/posts"}],"about":[{"href":"https:\/\/www.sincomam.org.br\/index.php\/wp-json\/wp\/v2\/types\/post"}],"author":[{"embeddable":true,"href":"https:\/\/www.sincomam.org.br\/index.php\/wp-json\/wp\/v2\/users\/1527"}],"replies":[{"embeddable":true,"href":"https:\/\/www.sincomam.org.br\/index.php\/wp-json\/wp\/v2\/comments?post=45486"}],"version-history":[{"count":1,"href":"https:\/\/www.sincomam.org.br\/index.php\/wp-json\/wp\/v2\/posts\/45486\/revisions"}],"predecessor-version":[{"id":45488,"href":"https:\/\/www.sincomam.org.br\/index.php\/wp-json\/wp\/v2\/posts\/45486\/revisions\/45488"}],"wp:featuredmedia":[{"embeddable":true,"href":"https:\/\/www.sincomam.org.br\/index.php\/wp-json\/wp\/v2\/media\/45487"}],"wp:attachment":[{"href":"https:\/\/www.sincomam.org.br\/index.php\/wp-json\/wp\/v2\/media?parent=45486"}],"wp:term":[{"taxonomy":"category","embeddable":true,"href":"https:\/\/www.sincomam.org.br\/index.php\/wp-json\/wp\/v2\/categories?post=45486"},{"taxonomy":"post_tag","embeddable":true,"href":"https:\/\/www.sincomam.org.br\/index.php\/wp-json\/wp\/v2\/tags?post=45486"}],"curies":[{"name":"wp","href":"https:\/\/api.w.org\/{rel}","templated":true}]}}