{"id":45480,"date":"2023-05-19T09:50:26","date_gmt":"2023-05-19T12:50:26","guid":{"rendered":"http:\/\/www.sincomam.org.br\/?p=45480"},"modified":"2023-05-19T09:50:26","modified_gmt":"2023-05-19T12:50:26","slug":"marinha-divulga-nota-referente-ao-acidente-na-baia-de-sepetiba","status":"publish","type":"post","link":"https:\/\/www.sincomam.org.br\/index.php\/marinha-divulga-nota-referente-ao-acidente-na-baia-de-sepetiba\/","title":{"rendered":"Marinha divulga nota referente ao acidente na Ba\u00eda de Sepetiba"},"content":{"rendered":"<p>A Marinha do Brasil divulgou nota oficial sobre o acidente envolvendo o navio mercante \u201cTrue Conrad\u201d, na quarta-feira (10), na sa\u00edda de canal de acesso ao Terminal da Companhia Sider\u00fargica Nacional (CSN), na Ba\u00eda de Sepetiba (RJ). Foi avaliada uma poss\u00edvel avaria no tanque de lastro, com o navio fundeando com seguran\u00e7a nas proximidades do par de boias 1 e 2, onde se encontra at\u00e9 o momento, est\u00e1vel e sem risco iminente, realizando os reparos necess\u00e1rios.<\/p>\n<p>A empresa DelItacuru\u00e7\u00e1 enviou uma equipe de inspe\u00e7\u00e3o naval ao local para verificar o ocorrido e acionou o Grupo de Vistoria e Inspe\u00e7\u00e3o (GVI) da Capitania dos Portos do Rio de Janeiro (CPRJ), para inspecionar a parte estrutural e a documenta\u00e7\u00e3o do navio. N\u00e3o foram identificados ind\u00edcios de polui\u00e7\u00e3o h\u00eddrica referente a vazamento ou derramamento de \u00f3leo na \u00e1rea, provenientes da embarca\u00e7\u00e3o.<\/p>\n<p>De acordo com a nota oficial da Marinha, \u201cum inqu\u00e9rito administrativo foi instaurado para apurar causas, circunst\u00e2ncias e responsabilidades da ocorr\u00eancia, bem como colher ensinamentos para reduzir a probabilidade de situa\u00e7\u00f5es an\u00e1logas no futuro. Conclu\u00eddo o inqu\u00e9rito e cumpridas as formalidades legais, o mesmo ser\u00e1 encaminhado ao Tribunal Mar\u00edtimo, que far\u00e1 a devida distribui\u00e7\u00e3o e autua\u00e7\u00e3o, o qual dar\u00e1 vista \u00e0 Procuradoria Especial da Marinha para que adote as medidas previstas no Art. 42 da Lei no 2.180\/54\u201d.<\/p>\n<p>Fonte: Portos e Navios<\/p>\n","protected":false},"excerpt":{"rendered":"<p>A Marinha do Brasil divulgou nota oficial sobre o acidente envolvendo o navio mercante \u201cTrue Conrad\u201d, na quarta-feira (10), na sa\u00edda de canal de acesso&#8230;<\/p>\n","protected":false},"author":1527,"featured_media":45481,"comment_status":"closed","ping_status":"closed","sticky":false,"template":"","format":"standard","meta":{"footnotes":""},"categories":[6],"tags":[],"class_list":["post-45480","post","type-post","status-publish","format-standard","has-post-thumbnail","hentry","category-noticias"],"_links":{"self":[{"href":"https:\/\/www.sincomam.org.br\/index.php\/wp-json\/wp\/v2\/posts\/45480","targetHints":{"allow":["GET"]}}],"collection":[{"href":"https:\/\/www.sincomam.org.br\/index.php\/wp-json\/wp\/v2\/posts"}],"about":[{"href":"https:\/\/www.sincomam.org.br\/index.php\/wp-json\/wp\/v2\/types\/post"}],"author":[{"embeddable":true,"href":"https:\/\/www.sincomam.org.br\/index.php\/wp-json\/wp\/v2\/users\/1527"}],"replies":[{"embeddable":true,"href":"https:\/\/www.sincomam.org.br\/index.php\/wp-json\/wp\/v2\/comments?post=45480"}],"version-history":[{"count":1,"href":"https:\/\/www.sincomam.org.br\/index.php\/wp-json\/wp\/v2\/posts\/45480\/revisions"}],"predecessor-version":[{"id":45482,"href":"https:\/\/www.sincomam.org.br\/index.php\/wp-json\/wp\/v2\/posts\/45480\/revisions\/45482"}],"wp:featuredmedia":[{"embeddable":true,"href":"https:\/\/www.sincomam.org.br\/index.php\/wp-json\/wp\/v2\/media\/45481"}],"wp:attachment":[{"href":"https:\/\/www.sincomam.org.br\/index.php\/wp-json\/wp\/v2\/media?parent=45480"}],"wp:term":[{"taxonomy":"category","embeddable":true,"href":"https:\/\/www.sincomam.org.br\/index.php\/wp-json\/wp\/v2\/categories?post=45480"},{"taxonomy":"post_tag","embeddable":true,"href":"https:\/\/www.sincomam.org.br\/index.php\/wp-json\/wp\/v2\/tags?post=45480"}],"curies":[{"name":"wp","href":"https:\/\/api.w.org\/{rel}","templated":true}]}}