{"id":45461,"date":"2023-05-18T10:49:28","date_gmt":"2023-05-18T13:49:28","guid":{"rendered":"http:\/\/www.sincomam.org.br\/?p=45461"},"modified":"2023-05-18T10:49:28","modified_gmt":"2023-05-18T13:49:28","slug":"estado-e-ministerio-de-portos-e-aeroportos-debatem-criacao-de-terminal-hidroviario-internacional","status":"publish","type":"post","link":"https:\/\/www.sincomam.org.br\/index.php\/estado-e-ministerio-de-portos-e-aeroportos-debatem-criacao-de-terminal-hidroviario-internacional\/","title":{"rendered":"ESTADO E MINIST\u00c9RIO DE PORTOS E AEROPORTOS DEBATEM CRIA\u00c7\u00c3O DE TERMINAL HIDROVI\u00c1RIO INTERNACIONAL"},"content":{"rendered":"<p>O governador Helder Barbalho e o ministro de Portos e Aeroportos, M\u00e1rcio Fran\u00e7a, estiveram reunidos nesta quarta-feira (17), em Bras\u00edlia, para debater avan\u00e7os estruturais dos moldais log\u00edsticos do Estado. A moderniza\u00e7\u00e3o do Aeroporto Internacional de Val de Cans e a cria\u00e7\u00e3o de um Terminal Hidrovi\u00e1rio Internacional, ambos investimentos em Bel\u00e9m, fazem parte da articula\u00e7\u00e3o do Governo do Estado para o Par\u00e1 sediar uma edi\u00e7\u00e3o da Confer\u00eancia das Na\u00e7\u00f5es Unidas sobre as Mudan\u00e7as Clim\u00e1ticas (COP 30).<\/p>\n<p>Durante a reuni\u00e3o, o chefe do Poder Executivo Estadual paraense ponderou que para o Par\u00e1 sediar uma edi\u00e7\u00e3o da COP 30 existem algumas condicionantes e avan\u00e7os que precisam ser realizados. Helder Barbalho ressaltou as melhorias e investimentos ir\u00e3o ficar como legado para popula\u00e7\u00e3o ap\u00f3s o evento. Helder Barbalho tamb\u00e9m detalhou que, em paralelo, o Governo do Par\u00e1 atua e articulam avan\u00e7os estruturais para melhoria da mobilidade urbana, al\u00e9m de moderniza\u00e7\u00e3o e instala\u00e7\u00e3o de novos equipamentos p\u00fablicos.<\/p>\n<p>Fonte: Ag\u00eancia Porto<\/p>\n","protected":false},"excerpt":{"rendered":"<p>O governador Helder Barbalho e o ministro de Portos e Aeroportos, M\u00e1rcio Fran\u00e7a, estiveram reunidos nesta quarta-feira (17), em Bras\u00edlia, para debater avan\u00e7os estruturais dos&#8230;<\/p>\n","protected":false},"author":1527,"featured_media":45384,"comment_status":"closed","ping_status":"closed","sticky":false,"template":"","format":"standard","meta":{"footnotes":""},"categories":[6],"tags":[],"class_list":["post-45461","post","type-post","status-publish","format-standard","has-post-thumbnail","hentry","category-noticias"],"_links":{"self":[{"href":"https:\/\/www.sincomam.org.br\/index.php\/wp-json\/wp\/v2\/posts\/45461","targetHints":{"allow":["GET"]}}],"collection":[{"href":"https:\/\/www.sincomam.org.br\/index.php\/wp-json\/wp\/v2\/posts"}],"about":[{"href":"https:\/\/www.sincomam.org.br\/index.php\/wp-json\/wp\/v2\/types\/post"}],"author":[{"embeddable":true,"href":"https:\/\/www.sincomam.org.br\/index.php\/wp-json\/wp\/v2\/users\/1527"}],"replies":[{"embeddable":true,"href":"https:\/\/www.sincomam.org.br\/index.php\/wp-json\/wp\/v2\/comments?post=45461"}],"version-history":[{"count":1,"href":"https:\/\/www.sincomam.org.br\/index.php\/wp-json\/wp\/v2\/posts\/45461\/revisions"}],"predecessor-version":[{"id":45462,"href":"https:\/\/www.sincomam.org.br\/index.php\/wp-json\/wp\/v2\/posts\/45461\/revisions\/45462"}],"wp:featuredmedia":[{"embeddable":true,"href":"https:\/\/www.sincomam.org.br\/index.php\/wp-json\/wp\/v2\/media\/45384"}],"wp:attachment":[{"href":"https:\/\/www.sincomam.org.br\/index.php\/wp-json\/wp\/v2\/media?parent=45461"}],"wp:term":[{"taxonomy":"category","embeddable":true,"href":"https:\/\/www.sincomam.org.br\/index.php\/wp-json\/wp\/v2\/categories?post=45461"},{"taxonomy":"post_tag","embeddable":true,"href":"https:\/\/www.sincomam.org.br\/index.php\/wp-json\/wp\/v2\/tags?post=45461"}],"curies":[{"name":"wp","href":"https:\/\/api.w.org\/{rel}","templated":true}]}}