{"id":45445,"date":"2023-05-17T08:20:10","date_gmt":"2023-05-17T11:20:10","guid":{"rendered":"http:\/\/www.sincomam.org.br\/?p=45445"},"modified":"2023-05-17T08:20:10","modified_gmt":"2023-05-17T11:20:10","slug":"governo-estuda-revisao-de-deducoes-e-isencoes-do-imposto-de-renda","status":"publish","type":"post","link":"https:\/\/www.sincomam.org.br\/index.php\/governo-estuda-revisao-de-deducoes-e-isencoes-do-imposto-de-renda\/","title":{"rendered":"Governo estuda revis\u00e3o de dedu\u00e7\u00f5es e isen\u00e7\u00f5es do Imposto de Renda"},"content":{"rendered":"<p>Entre as medidas em an\u00e1lise, est\u00e1 uma revis\u00e3o das dedu\u00e7\u00f5es e isen\u00e7\u00f5es do Imposto de Renda da Pessoa F\u00edsica. O governo tem como objetivo a taxa\u00e7\u00e3o de lucros e dividendos distribu\u00eddos por empresas e a tributa\u00e7\u00e3o de fundos de investimentos fechados.<\/p>\n<p>Uma fonte com conhecimento sobre o assunto disse que a pauta do Imposto de Renda \u00e9 \u201ccomplicada\u201d e por isso ainda n\u00e3o foi publicamente tratada. Segundo essa mesma fonte, o objetivo \u00e9 que essas a\u00e7\u00f5es venham de maneira mais estruturada na reforma do Imposto de Renda.<\/p>\n<p>Outra iniciativa em an\u00e1lise \u00e9 a revis\u00e3o das dedu\u00e7\u00f5es fiscais de gastos com sa\u00fade. O presidente Luiz In\u00e1cio Lula da Silva criticou essa medida em dezembro de 2021, afirmando que \u201c\u00e9 o pobre que n\u00e3o tem especialista, \u00e9 o pobre que n\u00e3o tem plano de sa\u00fade (\u2026) que est\u00e1 pagando o tratamento que n\u00f3s temos\u201d. O mecanismo permite que os contribuintes usem a comprova\u00e7\u00e3o de certas despesas, como gastos m\u00e9dicos e educacionais, para reduzir a base de c\u00e1lculo do tributo, o que tende a beneficiar principalmente pessoas de renda mais elevada.<\/p>\n<p><strong>As dedu\u00e7\u00f5es do Imposto de Renda t\u00eam sido tema de debate de v\u00e1rios governos anteriores.<\/strong><br \/>\nA gest\u00e3o do ex-presidente Jair Bolsonaro avaliou limitar os descontos de dedu\u00e7\u00f5es m\u00e9dicas, mas a ideia n\u00e3o avan\u00e7ou. Outro ponto que entrou em estudo e n\u00e3o seguiu adiante foi a possibilidade de extinguir o desconto padr\u00e3o de 20% para contribuintes que fazem a declara\u00e7\u00e3o simplificada do IR.<\/p>\n<p>O governo j\u00e1 estimou a ren\u00fancia de 51,1 bilh\u00f5es de reais com rendimentos isentos no imposto de renda da pessoa f\u00edsica, al\u00e9m de 31,3 bilh\u00f5es de reais com dedu\u00e7\u00f5es para o ano fiscal de 2024 na lei de diretrizes or\u00e7ament\u00e1rias.<\/p>\n<p><strong>Al\u00e9m dessas medidas, o governo avalia passar a fazer cobran\u00e7a peri\u00f3dica de Imposto de Renda.<\/strong><br \/>\nPor meio do chamado come-cotas, de fundos exclusivos de investimento, que hoje pagam o tributo apenas no momento do resgate. Para anunciar essas medidas, o secret\u00e1rio da Receita Federal, Robinson Barreirinhas, afirmou que o governo estava trabalhando em medidas adicionais de receita, que se inseriam no norte do governo de n\u00e3o criar ou aumentar impostos, e sim mirar aqueles que n\u00e3o est\u00e3o pagando, mas deveriam.<\/p>\n<p>O ex-ministro da Economia, Paulo Guedes, tamb\u00e9m tentou aprovar a taxa\u00e7\u00e3o de dividendos, mas a reforma do Imposto de Renda enviada ao Congresso pelo ent\u00e3o chefe da \u00e1rea econ\u00f4mica acabou travando.<\/p>\n<p>O Minist\u00e9rio da Fazenda disse que n\u00e3o comentaria essas medidas estudadas. O governo tem dito que se debru\u00e7ar\u00e1 sobre uma reforma do IR ap\u00f3s a aprecia\u00e7\u00e3o de uma reforma tribut\u00e1ria sobre o consumo, que est\u00e1 tramitando no Congresso.<\/p>\n<p>Fonte: Click Petr\u00f3leo e G\u00e1s<\/p>\n","protected":false},"excerpt":{"rendered":"<p>Entre as medidas em an\u00e1lise, est\u00e1 uma revis\u00e3o das dedu\u00e7\u00f5es e isen\u00e7\u00f5es do Imposto de Renda da Pessoa F\u00edsica. O governo tem como objetivo a&#8230;<\/p>\n","protected":false},"author":1527,"featured_media":45446,"comment_status":"closed","ping_status":"closed","sticky":false,"template":"","format":"standard","meta":{"footnotes":""},"categories":[6],"tags":[],"class_list":["post-45445","post","type-post","status-publish","format-standard","has-post-thumbnail","hentry","category-noticias"],"_links":{"self":[{"href":"https:\/\/www.sincomam.org.br\/index.php\/wp-json\/wp\/v2\/posts\/45445","targetHints":{"allow":["GET"]}}],"collection":[{"href":"https:\/\/www.sincomam.org.br\/index.php\/wp-json\/wp\/v2\/posts"}],"about":[{"href":"https:\/\/www.sincomam.org.br\/index.php\/wp-json\/wp\/v2\/types\/post"}],"author":[{"embeddable":true,"href":"https:\/\/www.sincomam.org.br\/index.php\/wp-json\/wp\/v2\/users\/1527"}],"replies":[{"embeddable":true,"href":"https:\/\/www.sincomam.org.br\/index.php\/wp-json\/wp\/v2\/comments?post=45445"}],"version-history":[{"count":1,"href":"https:\/\/www.sincomam.org.br\/index.php\/wp-json\/wp\/v2\/posts\/45445\/revisions"}],"predecessor-version":[{"id":45447,"href":"https:\/\/www.sincomam.org.br\/index.php\/wp-json\/wp\/v2\/posts\/45445\/revisions\/45447"}],"wp:featuredmedia":[{"embeddable":true,"href":"https:\/\/www.sincomam.org.br\/index.php\/wp-json\/wp\/v2\/media\/45446"}],"wp:attachment":[{"href":"https:\/\/www.sincomam.org.br\/index.php\/wp-json\/wp\/v2\/media?parent=45445"}],"wp:term":[{"taxonomy":"category","embeddable":true,"href":"https:\/\/www.sincomam.org.br\/index.php\/wp-json\/wp\/v2\/categories?post=45445"},{"taxonomy":"post_tag","embeddable":true,"href":"https:\/\/www.sincomam.org.br\/index.php\/wp-json\/wp\/v2\/tags?post=45445"}],"curies":[{"name":"wp","href":"https:\/\/api.w.org\/{rel}","templated":true}]}}